{"id":11824,"date":"2022-06-15T10:38:12","date_gmt":"2022-06-15T08:38:12","guid":{"rendered":"https:\/\/www.bauhaus.de\/entdecken\/artikel\/jede-generation-schaut-anders-auf-das-bauhaus\/"},"modified":"2025-12-03T08:38:56","modified_gmt":"2025-12-03T07:38:56","slug":"annemarie-jaeggi-every-generation-views-the-bauhaus-differently","status":"publish","type":"magazine-article","link":"https:\/\/www.bauhaus.de\/en\/discover\/article\/annemarie-jaeggi-every-generation-views-the-bauhaus-differently\/","title":{"rendered":"Annemarie Jaeggi: \u201cEvery generation views the Bauhaus differently.\u201d"},"content":{"rendered":"<section class='wp-block-ho-pattern header-text' data-pattern='ho\/header-magazin'>\n\n<div  class='margin-bottom-7'>\n\n<div  class='color-bg-highlight color-fg-highlight header-space header-height-read-only'>\n\n<div  class='container-fluid cf-gutter-1 cf-side-1'>\n\n<div  class='row'>\n\n<div  class='col col-xs-12 col-md-6'>\n\n<div  class='header-magazine-contents'>\n\n<div  class='cf-rem-max-width container-fluid cf-gutter-5 cf-side-5'>\n\n<div  class='row'>\n\n<div  class='col col-xs-12'>\n\n<div  class='padding-bottom-4'><div class=\"wp-block-ho-slot \"><div class=\"margin-bottom-3\">\n\t<swup-back>Back<\/swup-back>\n<\/div><\/div>\n<\/div>\n<\/div>\n\n\n\n\n<div  class='col col-xs-12'><div class=\"wp-block-ho-slot \"><\/div>\n<\/div>\n<\/div>\n\n\n\n\n<div  class='row'>\n\n<div  class='col col-xs-12'>\n<h1 class='ho-sd-h3' style=\"white-space: normal;\">Annemarie Jaeggi: \u201cEvery generation views the Bauhaus differently.\u201d<\/h1>\n<\/div>\n<\/div>\n<\/div>\n<\/div>\n<\/div>\n\n\n\n\n<div  class='col col-xs-12 col-md-6'><figure itemscope itemtype=\"http:\/\/schema.org\/ImageObject\" class=\"lazy-media-inline  lazy-background-fill\" role=\"group\" aria-describedby=\"media_vwnktv\">\n<script type=\"application\/json\">{\n\"id\" : 351,\n\"sizes\" : {\"medium\":{\"file\":\"2019_Annemarie-Jaeggi_c_Catrin-Schmitt-1-300x200.jpg\",\"width\":300,\"height\":200,\"mime-type\":\"image\\\/jpeg\",\"filesize\":8547},\"large\":{\"file\":\"2019_Annemarie-Jaeggi_c_Catrin-Schmitt-1-1024x683.jpg\",\"width\":1024,\"height\":683,\"mime-type\":\"image\\\/jpeg\",\"filesize\":49526},\"medium_large\":{\"file\":\"2019_Annemarie-Jaeggi_c_Catrin-Schmitt-1-768x512.jpg\",\"width\":768,\"height\":512,\"mime-type\":\"image\\\/jpeg\",\"filesize\":31296},\"1536x1536\":{\"file\":\"2019_Annemarie-Jaeggi_c_Catrin-Schmitt-1-1536x1024.jpg\",\"width\":1536,\"height\":1024,\"mime-type\":\"image\\\/jpeg\",\"filesize\":102914},\"2048x2048\":{\"file\":\"2019_Annemarie-Jaeggi_c_Catrin-Schmitt-1-2048x1365.jpg\",\"width\":2048,\"height\":1365,\"mime-type\":\"image\\\/jpeg\",\"filesize\":182572},\"small\":{\"file\":\"2019_Annemarie-Jaeggi_c_Catrin-Schmitt-1-440x293.jpg\",\"width\":440,\"height\":293,\"mime-type\":\"image\\\/jpeg\",\"filesize\":14067},\"semi\":{\"file\":\"2019_Annemarie-Jaeggi_c_Catrin-Schmitt-1-580x387.jpg\",\"width\":580,\"height\":387,\"mime-type\":\"image\\\/jpeg\",\"filesize\":21102},\"mobile\":{\"file\":\"2019_Annemarie-Jaeggi_c_Catrin-Schmitt-1-720x480.jpg\",\"width\":720,\"height\":480,\"mime-type\":\"image\\\/jpeg\",\"filesize\":28311},\"hd\":{\"file\":\"2019_Annemarie-Jaeggi_c_Catrin-Schmitt-1-1280x853.jpg\",\"width\":1280,\"height\":853,\"mime-type\":\"image\\\/jpeg\",\"filesize\":73502},\"full\":{\"file\":\"2019_Annemarie-Jaeggi_c_Catrin-Schmitt-1-1920x1280.jpg\",\"width\":1920,\"height\":1280,\"mime-type\":\"image\\\/jpeg\",\"filesize\":159746},\"xxl\":{\"file\":\"2019_Annemarie-Jaeggi_c_Catrin-Schmitt-1-4048x2699.jpg\",\"width\":4048,\"height\":2699,\"mime-type\":\"image\\\/jpeg\",\"filesize\":789862},\"original\":{\"file\":\"2019_Annemarie-Jaeggi_c_Catrin-Schmitt-1.jpg\",\"width\":6000,\"height\":4000}},\n\"alt\" : \"Dr. Annemarie Jaeggi steht l\\u00e4chelnd und mit verschr\\u00e4nkten Armen in einem Ausstellungsraum.\",\n\"path\" : \"\\\/wp-content\\\/uploads\\\/2025\\\/04\\\/\",\n\"video\" : null,\n\"autoplay\" : null,\n\"youtube\" : null,\n\"youtubelabel\" : \"play\",\n\"brightness\" : 100,\n\"crop\" : {\"x\":0.5,\"y\":0.5},\n\"background\" : true,\n\"scale\" : 1,\n\"zoom\" : false,\n\"annotations\" : null}<\/script>\n<div class=\"height-container \" style=\"padding-bottom:66.666666666667%;   \">\n\t<div class=\"height-container-contents lazy-media-contents\">\n\t\n\t<div class=\"lazy-media-preview\" style=\"background-image: url('data:image\/jpeg;base64,\/9j\/4AAQSkZJRgABAQEAYABgAAD\/\/gA7Q1JFQVRPUjogZ2QtanBlZyB2MS4wICh1c2luZyBJSkcgSlBFRyB2NjIpLCBxdWFsaXR5ID0gOTAK\/9sAQwADAgIDAgIDAwMDBAMDBAUIBQUEBAUKBwcGCAwKDAwLCgsLDQ4SEA0OEQ4LCxAWEBETFBUVFQwPFxgWFBgSFBUU\/9sAQwEDBAQFBAUJBQUJFA0LDRQUFBQUFBQUFBQUFBQUFBQUFBQUFBQUFBQUFBQUFBQUFBQUFBQUFBQUFBQUFBQUFBQU\/8AAEQgADwAYAwEiAAIRAQMRAf\/EAB8AAAEFAQEBAQEBAAAAAAAAAAABAgMEBQYHCAkKC\/\/EALUQAAIBAwMCBAMFBQQEAAABfQECAwAEEQUSITFBBhNRYQcicRQygZGhCCNCscEVUtHwJDNicoIJChYXGBkaJSYnKCkqNDU2Nzg5OkNERUZHSElKU1RVVldYWVpjZGVmZ2hpanN0dXZ3eHl6g4SFhoeIiYqSk5SVlpeYmZqio6Slpqeoqaqys7S1tre4ubrCw8TFxsfIycrS09TV1tfY2drh4uPk5ebn6Onq8fLz9PX29\/j5+v\/EAB8BAAMBAQEBAQEBAQEAAAAAAAABAgMEBQYHCAkKC\/\/EALURAAIBAgQEAwQHBQQEAAECdwABAgMRBAUhMQYSQVEHYXETIjKBCBRCkaGxwQkjM1LwFWJy0QoWJDThJfEXGBkaJicoKSo1Njc4OTpDREVGR0hJSlNUVVZXWFlaY2RlZmdoaWpzdHV2d3h5eoKDhIWGh4iJipKTlJWWl5iZmqKjpKWmp6ipqrKztLW2t7i5usLDxMXGx8jJytLT1NXW19jZ2uLj5OXm5+jp6vLz9PX29\/j5+v\/aAAwDAQACEQMRAD8AwPh38IdGt7F9Zm1OG1WGE3GW6bR\/Efavff2aPj5pXiDVp\/DGpeMNL1S5lUDT7a24bjqPfivljSviu8vgbU9PudhSSxkiCrF2x0zXzx+yNf293+0H4VtoLUWt0momf7XGx3BV\/gx6GuFR5tex2XUU4tbn7VeJfDyz2crbSD2oqjrXjlXtiFU9PSinzJEOLZ\/\/2Q=='); background-position: 50% 50%; height: 100%; width: 100%;\"><\/div>\n\n\t\t<lazy-media-inline inline-template>\n\t\t<div>\n\t\t\t<lazy-media :inline=\"true\" :alt=\"alt\" :sizes=\"sizes\" :scale=\"scale\" :zoom=\"zoom\" :brightness=\"brightness\" :path=\"path\" :video=\"video\" :autoplay=\"autoplay\" :youtube=\"youtube\" :crop=\"crop\" :youtubelabel=\"youtubelabel\" :annotations=\"annotations\" :background=\"background\" v-if=\"sizes\"><\/lazy-media>\n\t\t<\/div>\n\t<\/lazy-media-inline>\n\t\t\t<\/div>\n<\/div>\n\n\n\n\n\n\n<\/figure>\n\n\t\t<\/div>\n<\/div>\n<\/div>\n<\/div>\n<\/div>\n\n\n<div  class='margin-bottom-5 padding-top-2'>\n\n<div  class='container-fluid'>\n\n<div  class='row'>\n\n<div  class='col col-xs-12 col-md-4 col-md-offset-1'>\n\n<div  class='container-fluid cf-gutter-1 cf-side-1'>\n\n<div  class='row'>\n\n<div  class='col col-xs-12'>\n\n<div  class='flex-align-center-center mobile-flex-align-center-center'><div class=\"wp-block-ho-slot ho-sd-metadata\"><a href=\"https:\/\/www.bauhaus.de\/en\/kategorie\/backstage-en\/\"><span>#Backstage<\/span><\/a>\n<\/div>\n<\/div>\n<\/div>\n\n\n\n\n<div  class='col col-xs-12'>\n\n<div  class='flex-align-center-center header-magazine-date'><div class=\"wp-block-ho-slot ho-sd-metadata\">15\/6\/22<\/div>\n<\/div>\n<\/div>\n<\/div>\n\n\n\n\n<div  class='row'>\n\n<div  class='col col-xs-12'>\n\n<div  class='flex-align-center-center header-magazine-reading-time'><span class=ho-sd-metadata>11<\/span>\n\n\n<div class=\"wp-block-ho-slot ho-sd-metadata\"> min reading time<\/div>\n<\/div>\n<\/div>\n<\/div>\n\n\n\n\n<div  class='row'>\n\n<div  class='col col-xs-12'>\n\n<div  class='flex-align-center-center mobile-flex-align-center-center'><div class=\"wp-block-ho-slot ho-sd-metadata\"><div class=\"header-magazine-author\">by <a href=\"https:\/\/www.bauhaus.de\/en\/autor\/philipp-hindahl-en\/\"><span>Philipp Hindahl<\/span><\/a><\/div>\n<\/div>\n<\/div>\n<\/div>\n<\/div>\n<\/div>\n<\/div>\n\n\n\n\n<div  class='col col-xs-12 col-md-6 col-md-offset-1 color-fg-highlight-2'>\t<p class='ho-sd-body-bold'>When the Bauhaus-Archiv was founded, the aim was to keep the ideas alive which the famous school of design developed from 1919 to 1933. The world has experienced enormous changes since then, and yet the Bauhaus continues to play an important role. It is constantly quoted, rediscovered and critically examined. Annemarie Jaeggi, director of the Bauhaus-Archiv explains why the institution, which has had such an outsized influence on modernism, continues to thrive, what role education plays in it, and how the collection can be restructured to meet the challenges of the digital age.<\/p>\n<\/div>\n<\/div>\n<\/div>\n<\/div>\n<\/section>\n\n<section class='wp-block-ho-pattern toggle-optional-headline' data-pattern='ho\/text-option-headline'>\n\n<div  class='margin-bottom-7'>\n\n<div  class='container-fluid cf-gutter-5 cf-side-5'>\n\n<div  class='row ho-pattern-optional-headline'>\n\n<div  class='col col-md-6 col-xs-12 col-md-offset-6'>\n\n<div  class='padding-bottom-4'>\n<h2 class='ho-sd-h5' style=\"white-space: normal;\">Lorem ipsum<\/h2>\n<\/div>\n<\/div>\n<\/div>\n\n\n\n\n<div  class='row'>\n\n<div  class='col col-md-6 col-xs-12 col-md-offset-6'>\n\n<div class=\"wp-block-ho-div\">\t<p class='ho-sd-body'><strong>Annemarie Jaeggi, let\u2019s start with the history of the Archive. How did the Bauhaus-Archiv end up being built in Berlin?<\/strong><br><br>The Bauhaus-Archiv was founded in Darmstadt in 1960 as a non-profit organisation \u2013 the same structure we have today. It was a smart move on the part of the founding director, the art historian Hans Maria Wingler, to get Walter Gropius on board. Gropius had been looking for a place to establish a Bauhaus archive in the United States since the end of the 1940s. At first, he was considering Harvard University, because that\u2019s where he worked as chair of the architecture department. But then he met Wingler, and they both came up with the idea of founding the archive in Darmstadt. It\u2019s quite interesting how it got its name \u2013 why \u201carchive\u201d and not \u201cmuseum\u201d? The members of the Bauhaus did not want to see their works exhibited in museums because they believed that what they had achieved would be forever and universally relevant. Incredible hybris actually!<br><br><strong>How did they come to view their work this way?<\/strong><br><br>The reason was that after World War I, everyone radically rejected all the conventions that had existed in the German Empire. They wanted to rid themselves of the deadweight of history and look to the future to create a universal human language with elementary colours and shapes.<\/p>\n<\/div>\n<\/div>\n<\/div>\n<\/div>\n<\/div>\n<\/section>\n\n<section class='wp-block-ho-pattern ' data-pattern='ho\/text-zitat'>\n\n<div  class='margin-bottom-7'>\n\n<div  class='container-fluid cf-gutter-5 cf-side-5'>\n\n<div  class='row'>\n\n<div  class='col col-md-6 col-md-offset-3 col-xs-12'>\n\n<div class=\"wp-block-ho-div\"><figure class='wp-block-ho-quote '>\n\t\t\t<blockquote>\u201cThe Bauh\u00e4usler, as they were called, were enamoured by the idea that they were studying at the hub of the world and were actively involved in changing it.\u201d<\/blockquote>\n\t\t\t\t<figcaption>Dr. Annemarie Jaeggi<\/figcaption>\n\t<\/figure>\n<\/div>\n<\/div>\n<\/div>\n<\/div>\n<\/div>\n<\/section>\n\n<section class='wp-block-ho-pattern toggle-optional-headline' data-pattern='ho\/text-option-headline'>\n\n<div  class='margin-bottom-7'>\n\n<div  class='container-fluid cf-gutter-5 cf-side-5'>\n\n<div  class='row ho-pattern-optional-headline'>\n\n<div  class='col col-md-6 col-xs-12 col-md-offset-6'>\n\n<div  class='padding-bottom-4'>\n<h2 class='ho-sd-h5' style=\"white-space: normal;\">Lorem ipsum<\/h2>\n<\/div>\n<\/div>\n<\/div>\n\n\n\n\n<div  class='row'>\n\n<div  class='col col-md-6 col-xs-12 col-md-offset-6'>\n\n<div class=\"wp-block-ho-div\">\t<p class='ho-sd-body'><strong>To what extent did the Bauh\u00e4usler still regard their school as \u2018contemporary\u2019 when the Bauhaus-Archiv was founded in 1960?<\/strong><br><br>As an institution, the Bauhaus was history ever since the National Socialists shut it down after seizing power in 1933. There were several attempts to revive the Bauhaus in a contemporary version at the Ulm School of Design. In the United States, the Institute of Design in Chicago still exists, a school originally established as the \u201cNew Bauhaus\u201d. Even in the 1960s, Bauhaus ideas were not regarded as relics of the past, because the Bauh\u00e4usler considered themselves denizens of the 20th century, fully devoted to modernism. Yet modernism did not have an easy time establishing itself in the Federal Republic of Germany during those years. The fact that it always had to struggle for acceptance was what lifted people\u2019s spirits.<br><br><strong>Do we have an idea of how the Bauhaus influenced artistic training?<\/strong><br><br>The Bauhaus employed a general approach \u2013 one that would train a new type of artist who could do everything. Before something could be manufactured industrially, the rule was that it first had to be produced by hand. Look at someone like Max Bill. For me, he\u2019s the best example of a Bauh\u00e4usler because he confidently delved into everything \u2013 graphic art, sculpting, painting, design, architecture. That was the mission of the Bauhaus \u2013 to create universal artists who were trained and determined to design the world in its entirety.<\/p>\n<\/div>\n<\/div>\n<\/div>\n<\/div>\n<\/div>\n<\/section>\n\n<section class='wp-block-ho-pattern ' data-pattern='ho\/text-zitat'>\n\n<div  class='margin-bottom-7'>\n\n<div  class='container-fluid cf-gutter-5 cf-side-5'>\n\n<div  class='row'>\n\n<div  class='col col-md-6 col-md-offset-3 col-xs-12'>\n\n<div class=\"wp-block-ho-div\"><figure class='wp-block-ho-quote '>\n\t\t\t<blockquote>\u201cThat was the mission of the Bauhaus \u2013 to create universal artists who were trained and determined to design the world in its entirety.\u201d<\/blockquote>\n\t\t\t\t<figcaption>Dr. Annemarie Jaeggi<\/figcaption>\n\t<\/figure>\n<\/div>\n<\/div>\n<\/div>\n<\/div>\n<\/div>\n<\/section>\n\n<section class='wp-block-ho-pattern toggle-optional-headline' data-pattern='ho\/text-option-headline'>\n\n<div  class='margin-bottom-7'>\n\n<div  class='container-fluid cf-gutter-5 cf-side-5'>\n\n<div  class='row ho-pattern-optional-headline'>\n\n<div  class='col col-md-6 col-xs-12 col-md-offset-6'>\n\n<div  class='padding-bottom-4'>\n<h2 class='ho-sd-h5' style=\"white-space: normal;\">Lorem ipsum<\/h2>\n<\/div>\n<\/div>\n<\/div>\n\n\n\n\n<div  class='row'>\n\n<div  class='col col-md-6 col-xs-12 col-md-offset-6'>\n\n<div class=\"wp-block-ho-div\">\t<p class='ho-sd-body'><strong>There\u2019s this famous diagram depicting the Bauhaus curriculum in concentric circles, the outermost being the preliminary courses where students would begin their studies and then proceed inward to the centre. Where did this concept originate? <\/strong><br><br>This concept had already existed. But World War I was a horrendous turning point, though the time from 1900 to 1914 was very exciting. Gropius and his fellow instructors gave things a different orientation, yet they didn\u2019t reinvent everything either. Many of these ideas can still be useful to us today: How do we want to live? How do we want to live together? These are fundamental questions about change which derive from the here and now and enable us to envision the future.<\/p>\n<\/div>\n<\/div>\n<\/div>\n<\/div>\n<\/div>\n<\/section>\n\n<section class='wp-block-ho-pattern ' data-pattern='ho\/medien-bild-zwei-bilder-gross-gross'>\n\n<div  class='margin-bottom-7'>\n\n<div  class='container-fluid cf-gutter-5 cf-side-5'>\n\n<div  class='row'>\n\n<div  class='col col-md-6 col-xs-11 mobile-margin-bottom-5'>\n\n<div class=\"wp-block-ho-div\"><figure itemscope itemtype=\"http:\/\/schema.org\/ImageObject\" class=\"lazy-media-inline \" role=\"group\" aria-describedby=\"media_3gzU3J\">\n<script type=\"application\/json\">{\n\"id\" : 328,\n\"sizes\" : {\"medium\":{\"file\":\"Schema-Lehre-am-Bauhau_1923_c_VG-Bild-Kunst-300x300.jpg\",\"width\":300,\"height\":300,\"mime-type\":\"image\\\/jpeg\",\"filesize\":30853},\"large\":{\"file\":\"Schema-Lehre-am-Bauhau_1923_c_VG-Bild-Kunst-1024x1024.jpg\",\"width\":1024,\"height\":1024,\"mime-type\":\"image\\\/jpeg\",\"filesize\":260381},\"medium_large\":{\"file\":\"Schema-Lehre-am-Bauhau_1923_c_VG-Bild-Kunst-768x767.jpg\",\"width\":768,\"height\":767,\"mime-type\":\"image\\\/jpeg\",\"filesize\":156321},\"1536x1536\":{\"file\":\"Schema-Lehre-am-Bauhau_1923_c_VG-Bild-Kunst-1536x1534.jpg\",\"width\":1536,\"height\":1534,\"mime-type\":\"image\\\/jpeg\",\"filesize\":538640},\"2048x2048\":{\"file\":\"Schema-Lehre-am-Bauhau_1923_c_VG-Bild-Kunst-2048x2045.jpg\",\"width\":2048,\"height\":2045,\"mime-type\":\"image\\\/jpeg\",\"filesize\":903934},\"small\":{\"file\":\"Schema-Lehre-am-Bauhau_1923_c_VG-Bild-Kunst-440x440.jpg\",\"width\":440,\"height\":440,\"mime-type\":\"image\\\/jpeg\",\"filesize\":59366},\"semi\":{\"file\":\"Schema-Lehre-am-Bauhau_1923_c_VG-Bild-Kunst-580x580.jpg\",\"width\":580,\"height\":580,\"mime-type\":\"image\\\/jpeg\",\"filesize\":96604},\"mobile\":{\"file\":\"Schema-Lehre-am-Bauhau_1923_c_VG-Bild-Kunst-720x720.jpg\",\"width\":720,\"height\":720,\"mime-type\":\"image\\\/jpeg\",\"filesize\":139914},\"hd\":{\"file\":\"Schema-Lehre-am-Bauhau_1923_c_VG-Bild-Kunst-1280x1278.jpg\",\"width\":1280,\"height\":1278,\"mime-type\":\"image\\\/jpeg\",\"filesize\":388361},\"full\":{\"file\":\"Schema-Lehre-am-Bauhau_1923_c_VG-Bild-Kunst-1920x1917.jpg\",\"width\":1920,\"height\":1917,\"mime-type\":\"image\\\/jpeg\",\"filesize\":804617},\"xxl\":{\"file\":\"Schema-Lehre-am-Bauhau_1923_c_VG-Bild-Kunst-4048x4042.jpg\",\"width\":4048,\"height\":4042,\"mime-type\":\"image\\\/jpeg\",\"filesize\":2909483},\"original\":{\"file\":\"Schema-Lehre-am-Bauhau_1923_c_VG-Bild-Kunst.jpg\",\"width\":4134,\"height\":4128}},\n\"alt\" : \"\",\n\"path\" : \"\\\/wp-content\\\/uploads\\\/2025\\\/04\\\/\",\n\"video\" : null,\n\"autoplay\" : null,\n\"youtube\" : null,\n\"youtubelabel\" : \"play\",\n\"brightness\" : 100,\n\"crop\" : null,\n\"background\" : false,\n\"scale\" : 1,\n\"zoom\" : false,\n\"annotations\" : null}<\/script>\n<div class=\"height-container \" style=\"padding-bottom:99.854862119013%;   \">\n\t<div class=\"height-container-contents lazy-media-contents\">\n\t\n\t<div class=\"lazy-media-preview\" style=\"background-image: url('data:image\/jpeg;base64,\/9j\/4AAQSkZJRgABAQEAYABgAAD\/\/gA7Q1JFQVRPUjogZ2QtanBlZyB2MS4wICh1c2luZyBJSkcgSlBFRyB2NjIpLCBxdWFsaXR5ID0gOTAK\/9sAQwADAgIDAgIDAwMDBAMDBAUIBQUEBAUKBwcGCAwKDAwLCgsLDQ4SEA0OEQ4LCxAWEBETFBUVFQwPFxgWFBgSFBUU\/9sAQwEDBAQFBAUJBQUJFA0LDRQUFBQUFBQUFBQUFBQUFBQUFBQUFBQUFBQUFBQUFBQUFBQUFBQUFBQUFBQUFBQUFBQU\/8AAEQgAGAAYAwEiAAIRAQMRAf\/EAB8AAAEFAQEBAQEBAAAAAAAAAAABAgMEBQYHCAkKC\/\/EALUQAAIBAwMCBAMFBQQEAAABfQECAwAEEQUSITFBBhNRYQcicRQygZGhCCNCscEVUtHwJDNicoIJChYXGBkaJSYnKCkqNDU2Nzg5OkNERUZHSElKU1RVVldYWVpjZGVmZ2hpanN0dXZ3eHl6g4SFhoeIiYqSk5SVlpeYmZqio6Slpqeoqaqys7S1tre4ubrCw8TFxsfIycrS09TV1tfY2drh4uPk5ebn6Onq8fLz9PX29\/j5+v\/EAB8BAAMBAQEBAQEBAQEAAAAAAAABAgMEBQYHCAkKC\/\/EALURAAIBAgQEAwQHBQQEAAECdwABAgMRBAUhMQYSQVEHYXETIjKBCBRCkaGxwQkjM1LwFWJy0QoWJDThJfEXGBkaJicoKSo1Njc4OTpDREVGR0hJSlNUVVZXWFlaY2RlZmdoaWpzdHV2d3h5eoKDhIWGh4iJipKTlJWWl5iZmqKjpKWmp6ipqrKztLW2t7i5usLDxMXGx8jJytLT1NXW19jZ2uLj5OXm5+jp6vLz9PX29\/j5+v\/aAAwDAQACEQMRAD8A+rfEHxBXRrxbSKJpsD52TrnsKp2niy5nP2jCpJyPJLcn2z61zmrxLp\/iJDghLxSzs3Pzj0rHuZLiLVHVkcWxHbgD\/wCvXwtKK5dD3pvU9b8K\/EBNW1R9OuI2hYj92XPJ9RRXK+GdIS7120nKsfsyKQeh3H1oolFX0JRpeKvDlzqdmJLKKOaRCWCN1B9Qa86TTPFyXKr\/AGY8ku4DcU6j60UVlh5u1jWqup7X4H8N3NlaJNfQrDOx3lAcnPvRRRVOTbMz\/9k='); background-position: 50% 50%; height: 100%; width: 100%;\"><\/div>\n\n\t\n<div class=\"lazy-media loaded\">\n\t<img decoding=\"async\" src=\"https:\/\/www.bauhaus.de\/wp-content\/uploads\/2025\/04\/Schema-Lehre-am-Bauhau_1923_c_VG-Bild-Kunst-1920x1917.jpg\" srcset=\"https:\/\/www.bauhaus.de\/wp-content\/uploads\/2025\/04\/Schema-Lehre-am-Bauhau_1923_c_VG-Bild-Kunst-1920x1917.jpg 1920w, https:\/\/www.bauhaus.de\/wp-content\/uploads\/2025\/04\/Schema-Lehre-am-Bauhau_1923_c_VG-Bild-Kunst-300x300.jpg 300w, https:\/\/www.bauhaus.de\/wp-content\/uploads\/2025\/04\/Schema-Lehre-am-Bauhau_1923_c_VG-Bild-Kunst-150x150.jpg 150w, https:\/\/www.bauhaus.de\/wp-content\/uploads\/2025\/04\/Schema-Lehre-am-Bauhau_1923_c_VG-Bild-Kunst-768x767.jpg 768w, https:\/\/www.bauhaus.de\/wp-content\/uploads\/2025\/04\/Schema-Lehre-am-Bauhau_1923_c_VG-Bild-Kunst-1536x1534.jpg 1536w, https:\/\/www.bauhaus.de\/wp-content\/uploads\/2025\/04\/Schema-Lehre-am-Bauhau_1923_c_VG-Bild-Kunst-2048x2045.jpg 2048w, https:\/\/www.bauhaus.de\/wp-content\/uploads\/2025\/04\/Schema-Lehre-am-Bauhau_1923_c_VG-Bild-Kunst-440x440.jpg 440w, https:\/\/www.bauhaus.de\/wp-content\/uploads\/2025\/04\/Schema-Lehre-am-Bauhau_1923_c_VG-Bild-Kunst-580x580.jpg 580w, https:\/\/www.bauhaus.de\/wp-content\/uploads\/2025\/04\/Schema-Lehre-am-Bauhau_1923_c_VG-Bild-Kunst-720x720.jpg 720w, https:\/\/www.bauhaus.de\/wp-content\/uploads\/2025\/04\/Schema-Lehre-am-Bauhau_1923_c_VG-Bild-Kunst-1280x1278.jpg 1280w\" sizes=\"(max-width: 763px) 100vw, (qmin-width: 764px) and (max-width: 1023px) 100vw, (min-width: 1024px) 100vw\" alt=\"\" loading=\"lazy\" \/>\n<\/div>\t\t<\/div>\n<\/div>\n\n\n\n\n\n\t\t<figcaption class=\"\" id=\"media_3gzU3J\">\n\t\t\t<div class=\"figcaption-wrapper\">\n\t\t\t\t\t\t\t<div class=\"lazy-media-image-label\">Walter Gropius, Scheme for the structure of teaching at the Bauhaus, in \"Staatliches Bauhaus Weimar 1919\u20131923\u201c, Weimar 1923, special edition, p. 10<\/div>\n\t\t\t\t\t\t\t\t\t\t<div class=\"lazy-media-image-description\">Bauhaus-Archiv Berlin \u00a9 VG Bild-Kunst, Bonn 2025 <\/div>\n\t\t\t\t\t\t\t\t\t<\/div>\n\t\t<\/figcaption>\n\t\n<\/figure>\n\n\t\t<\/div>\n<\/div>\n\n\n\n\n<div  class='col col-md-6 col-md-offset-0 col-xs-offset-1 col-xs-11'>\n\n<div class=\"wp-block-ho-div\"><figure itemscope itemtype=\"http:\/\/schema.org\/ImageObject\" class=\"lazy-media-inline \" role=\"group\" aria-describedby=\"media_mJVyHD\">\n<script type=\"application\/json\">{\n\"id\" : 353,\n\"sizes\" : {\"medium\":{\"file\":\"2022_Annemarie-Jaeggi_Auswahl_c_Robert-Rieger-4-225x300.jpg\",\"width\":225,\"height\":300,\"mime-type\":\"image\\\/jpeg\",\"filesize\":13004},\"large\":{\"file\":\"2022_Annemarie-Jaeggi_Auswahl_c_Robert-Rieger-4-768x1024.jpg\",\"width\":768,\"height\":1024,\"mime-type\":\"image\\\/jpeg\",\"filesize\":78861},\"medium_large\":{\"file\":\"2022_Annemarie-Jaeggi_Auswahl_c_Robert-Rieger-4-768x1024.jpg\",\"width\":768,\"height\":1024,\"mime-type\":\"image\\\/jpeg\",\"filesize\":78861},\"1536x1536\":{\"file\":\"2022_Annemarie-Jaeggi_Auswahl_c_Robert-Rieger-4-1152x1536.jpg\",\"width\":1152,\"height\":1536,\"mime-type\":\"image\\\/jpeg\",\"filesize\":147178},\"2048x2048\":{\"file\":\"2022_Annemarie-Jaeggi_Auswahl_c_Robert-Rieger-4-1536x2048.jpg\",\"width\":1536,\"height\":2048,\"mime-type\":\"image\\\/jpeg\",\"filesize\":231977},\"small\":{\"file\":\"2022_Annemarie-Jaeggi_Auswahl_c_Robert-Rieger-4-330x440.jpg\",\"width\":330,\"height\":440,\"mime-type\":\"image\\\/jpeg\",\"filesize\":22444},\"semi\":{\"file\":\"2022_Annemarie-Jaeggi_Auswahl_c_Robert-Rieger-4-435x580.jpg\",\"width\":435,\"height\":580,\"mime-type\":\"image\\\/jpeg\",\"filesize\":33879},\"mobile\":{\"file\":\"2022_Annemarie-Jaeggi_Auswahl_c_Robert-Rieger-4-540x720.jpg\",\"width\":540,\"height\":720,\"mime-type\":\"image\\\/jpeg\",\"filesize\":46620},\"hd\":{\"file\":\"2022_Annemarie-Jaeggi_Auswahl_c_Robert-Rieger-4-960x1280.jpg\",\"width\":960,\"height\":1280,\"mime-type\":\"image\\\/jpeg\",\"filesize\":111047},\"full\":{\"file\":\"2022_Annemarie-Jaeggi_Auswahl_c_Robert-Rieger-4-1440x1920.jpg\",\"width\":1440,\"height\":1920,\"mime-type\":\"image\\\/jpeg\",\"filesize\":209283},\"original\":{\"file\":\"2022_Annemarie-Jaeggi_Auswahl_c_Robert-Rieger-4.jpg\",\"width\":1875,\"height\":2500}},\n\"alt\" : \"Annemarie Jaeggi und Philipp Hindahl sitzen auf St\\u00fchlen im temporary bauhaus-archiv gegen\\u00fcber.\",\n\"path\" : \"\\\/wp-content\\\/uploads\\\/2025\\\/04\\\/\",\n\"video\" : null,\n\"autoplay\" : null,\n\"youtube\" : null,\n\"youtubelabel\" : \"play\",\n\"brightness\" : 100,\n\"crop\" : null,\n\"background\" : false,\n\"scale\" : 1,\n\"zoom\" : false,\n\"annotations\" : null}<\/script>\n<div class=\"height-container \" style=\"padding-bottom:133.33333333333%;   \">\n\t<div class=\"height-container-contents lazy-media-contents\">\n\t\n\t<div class=\"lazy-media-preview\" style=\"background-image: url('data:image\/jpeg;base64,\/9j\/4AAQSkZJRgABAQEAYABgAAD\/\/gA7Q1JFQVRPUjogZ2QtanBlZyB2MS4wICh1c2luZyBJSkcgSlBFRyB2NjIpLCBxdWFsaXR5ID0gOTAK\/9sAQwADAgIDAgIDAwMDBAMDBAUIBQUEBAUKBwcGCAwKDAwLCgsLDQ4SEA0OEQ4LCxAWEBETFBUVFQwPFxgWFBgSFBUU\/9sAQwEDBAQFBAUJBQUJFA0LDRQUFBQUFBQUFBQUFBQUFBQUFBQUFBQUFBQUFBQUFBQUFBQUFBQUFBQUFBQUFBQUFBQU\/8AAEQgAIAAYAwEiAAIRAQMRAf\/EAB8AAAEFAQEBAQEBAAAAAAAAAAABAgMEBQYHCAkKC\/\/EALUQAAIBAwMCBAMFBQQEAAABfQECAwAEEQUSITFBBhNRYQcicRQygZGhCCNCscEVUtHwJDNicoIJChYXGBkaJSYnKCkqNDU2Nzg5OkNERUZHSElKU1RVVldYWVpjZGVmZ2hpanN0dXZ3eHl6g4SFhoeIiYqSk5SVlpeYmZqio6Slpqeoqaqys7S1tre4ubrCw8TFxsfIycrS09TV1tfY2drh4uPk5ebn6Onq8fLz9PX29\/j5+v\/EAB8BAAMBAQEBAQEBAQEAAAAAAAABAgMEBQYHCAkKC\/\/EALURAAIBAgQEAwQHBQQEAAECdwABAgMRBAUhMQYSQVEHYXETIjKBCBRCkaGxwQkjM1LwFWJy0QoWJDThJfEXGBkaJicoKSo1Njc4OTpDREVGR0hJSlNUVVZXWFlaY2RlZmdoaWpzdHV2d3h5eoKDhIWGh4iJipKTlJWWl5iZmqKjpKWmp6ipqrKztLW2t7i5usLDxMXGx8jJytLT1NXW19jZ2uLj5OXm5+jp6vLz9PX29\/j5+v\/aAAwDAQACEQMRAD8A+svEkUMdsrTWa3e47drAGuTbwn4T1aSS6m0s29xaoZiyjbjAycV1\/jPW9L8P+HbvU9XKi0tEMrbjjp6e9YtneafrngKfXbG3e3jubCR0V+oUoeteE4xk7NHoqUkro8cX9pj4WeO2Tw3Z+JpNPvpJvIWNoyCzA4xmivzl8I6JeQfE7SNWaLFm2sFVkz33nNFXLD05u6VyI4ipHRn15+33\/wAJ1qH2SPQ9Sa88OzspaytGywcd2x2rsv2ZP2j28Y\/CTV\/DWvqlnr2j2Tw7TxuTaQDj1p\/iXwTDpoka0ihkUodrXEjMQ2OvWvHvh14Uk0zUbq5kk23zrMknkpkSIc\/eNJVVawuRp3PKNd8Cx6Be6Fq2l3NxdzSTNdS2RPyq+\/qB2ortrG1kbxXbo8reSHAIYe\/QUVU8Qr6IzVGTWrP\/2Q=='); background-position: 50% 50%; height: 100%; width: 100%;\"><\/div>\n\n\t\n<div class=\"lazy-media loaded\">\n\t<img decoding=\"async\" src=\"https:\/\/www.bauhaus.de\/wp-content\/uploads\/2025\/04\/2022_Annemarie-Jaeggi_Auswahl_c_Robert-Rieger-4-1440x1920.jpg\" srcset=\"https:\/\/www.bauhaus.de\/wp-content\/uploads\/2025\/04\/2022_Annemarie-Jaeggi_Auswahl_c_Robert-Rieger-4-1440x1920.jpg 1440w, https:\/\/www.bauhaus.de\/wp-content\/uploads\/2025\/04\/2022_Annemarie-Jaeggi_Auswahl_c_Robert-Rieger-4-225x300.jpg 225w, https:\/\/www.bauhaus.de\/wp-content\/uploads\/2025\/04\/2022_Annemarie-Jaeggi_Auswahl_c_Robert-Rieger-4-768x1024.jpg 768w, https:\/\/www.bauhaus.de\/wp-content\/uploads\/2025\/04\/2022_Annemarie-Jaeggi_Auswahl_c_Robert-Rieger-4-1152x1536.jpg 1152w, https:\/\/www.bauhaus.de\/wp-content\/uploads\/2025\/04\/2022_Annemarie-Jaeggi_Auswahl_c_Robert-Rieger-4-1536x2048.jpg 1536w, https:\/\/www.bauhaus.de\/wp-content\/uploads\/2025\/04\/2022_Annemarie-Jaeggi_Auswahl_c_Robert-Rieger-4-330x440.jpg 330w, https:\/\/www.bauhaus.de\/wp-content\/uploads\/2025\/04\/2022_Annemarie-Jaeggi_Auswahl_c_Robert-Rieger-4-435x580.jpg 435w, https:\/\/www.bauhaus.de\/wp-content\/uploads\/2025\/04\/2022_Annemarie-Jaeggi_Auswahl_c_Robert-Rieger-4-540x720.jpg 540w, https:\/\/www.bauhaus.de\/wp-content\/uploads\/2025\/04\/2022_Annemarie-Jaeggi_Auswahl_c_Robert-Rieger-4-960x1280.jpg 960w, https:\/\/www.bauhaus.de\/wp-content\/uploads\/2025\/04\/2022_Annemarie-Jaeggi_Auswahl_c_Robert-Rieger-4.jpg 1875w\" sizes=\"(max-width: 763px) 91.666666666667vw, (min-width: 764px) and (max-width: 1023px) 50vw, (min-width: 1024px) 50vw\" alt=\"Annemarie Jaeggi und Philipp Hindahl sitzen auf St\u00fchlen im temporary bauhaus-archiv gegen\u00fcber.\" loading=\"lazy\" \/>\n<\/div>\t\t<\/div>\n<\/div>\n\n\n\n\n\n\t\t<figcaption class=\"\" id=\"media_mJVyHD\">\n\t\t\t<div class=\"figcaption-wrapper\">\n\t\t\t\t\t\t\t<div class=\"lazy-media-image-label\">Annemarie Jaeggi, Director of the Bauhaus-Archiv \/ Museum f\u00fcr Gestaltung im Gespr\u00e4ch with journalist Philipp Hindahl at the Temporary Bauhaus-Archiv<\/div>\n\t\t\t\t\t\t\t\t\t\t<div class=\"lazy-media-image-description\">\u00a9 Robert Rieger <\/div>\n\t\t\t\t\t\t\t\t\t<\/div>\n\t\t<\/figcaption>\n\t\n<\/figure>\n\n\t\t<\/div>\n<\/div>\n<\/div>\n<\/div>\n<\/div>\n<\/section>\n\n<section class='wp-block-ho-pattern toggle-optional-headline' data-pattern='ho\/text-option-headline'>\n\n<div  class='margin-bottom-7'>\n\n<div  class='container-fluid cf-gutter-5 cf-side-5'>\n\n<div  class='row ho-pattern-optional-headline'>\n\n<div  class='col col-md-6 col-xs-12 col-md-offset-6'>\n\n<div  class='padding-bottom-4'>\n<h2 class='ho-sd-h5' style=\"white-space: normal;\">Lorem ipsum<\/h2>\n<\/div>\n<\/div>\n<\/div>\n\n\n\n\n<div  class='row'>\n\n<div  class='col col-md-6 col-xs-12 col-md-offset-6'>\n\n<div class=\"wp-block-ho-div\">\t<p class='ho-sd-body'><strong>Over the past several years, researchers have been discovering new aspects of the Bauhaus. Why does the Bauhaus still have so many dazzling stories to tell? <\/strong><br><br>During the 14 years it existed, the Bauhaus constantly reformed and reinvented itself. It had a lot to do with its changing directors and locations, but not entirely so. The Bauhaus was like a sponge, fully rooted in its place in history and open to the issues of its time. These were constantly evolving during those turbulent years of the Weimar Republic. Photography, film and radio contributed to revolutionising public perception. It also sparked something within the artists.<br><br><strong>At the same time, not all the assessments of the Bauhaus were positive \u2013 often they were even contradictory. <\/strong><br><br>The Bauhaus had always been polarising. Even its own directors had differing views. Now with the passing of time, every generation views it differently, and we as a museum have encountered many new perspectives. One of our recurring themes was making sure that the women of the Bauhaus were rightfully acknowledged. Now we are addressing other issues: How sustainable was the Bauhaus? Was the institution so universal that it can still offer us answers to everything?<\/p>\n<\/div>\n<\/div>\n<\/div>\n<\/div>\n<\/div>\n<\/section>\n\n<section class='wp-block-ho-pattern ' data-pattern='ho\/text-zitat'>\n\n<div  class='margin-bottom-7'>\n\n<div  class='container-fluid cf-gutter-5 cf-side-5'>\n\n<div  class='row'>\n\n<div  class='col col-md-6 col-md-offset-3 col-xs-12'>\n\n<div class=\"wp-block-ho-div\"><figure class='wp-block-ho-quote '>\n\t\t\t<blockquote>\u201cOne of our recurring themes was making sure that the women of the Bauhaus were rightfully acknowledged.\u201d<\/blockquote>\n\t\t\t\t<figcaption>Dr. Annemarie Jaeggi<\/figcaption>\n\t<\/figure>\n<\/div>\n<\/div>\n<\/div>\n<\/div>\n<\/div>\n<\/section>\n\n<section class='wp-block-ho-pattern toggle-optional-headline' data-pattern='ho\/text-option-headline'>\n\n<div  class='margin-bottom-7'>\n\n<div  class='container-fluid cf-gutter-5 cf-side-5'>\n\n<div  class='row ho-pattern-optional-headline'>\n\n<div  class='col col-md-6 col-xs-12 col-md-offset-6'>\n\n<div  class='padding-bottom-4'>\n<h2 class='ho-sd-h5' style=\"white-space: normal;\">Lorem ipsum<\/h2>\n<\/div>\n<\/div>\n<\/div>\n\n\n\n\n<div  class='row'>\n\n<div  class='col col-md-6 col-xs-12 col-md-offset-6'>\n\n<div class=\"wp-block-ho-div\">\t<p class='ho-sd-body'><strong>The Bauh\u00e4usler did, in fact, have a rather positive relationship to technology and industry, even to the point of rationalising our living environment.<\/strong><br><br>To a limited extent! Oskar Schlemmer, for example, certainly recognised the dangers of technology. In the Masters\u2019 Council meetings, he repeatedly brought up the topic, as we know from the minutes. I would say this affirmative view was more prevalent in the fields of architecture and design. They didn\u2019t dream up original artworks in the darkness of the workshops. Rather they wanted to have an impact on society and produce objects which could be serially manufactured. That\u2019s why they were more euphoric about technology than, say, the painters. But even there, if you look closely, you\u2019ll notice that very few items actually made it to serial production. As to whether they achieved their goal, the answer would have to clearly be \u2018no\u2019.<\/p>\n<\/div>\n<\/div>\n<\/div>\n<\/div>\n<\/div>\n<\/section>\n\n<section class='wp-block-ho-pattern ' data-pattern='ho\/text-zitat'>\n\n<div  class='margin-bottom-7'>\n\n<div  class='container-fluid cf-gutter-5 cf-side-5'>\n\n<div  class='row'>\n\n<div  class='col col-md-6 col-md-offset-3 col-xs-12'>\n\n<div class=\"wp-block-ho-div\"><figure class='wp-block-ho-quote '>\n\t\t\t<blockquote>\u201cWe want to initiate dialogue on certain themes, present selected points of view, and allow our visitors to incorporate their own ideas, which we will ideally try to explore in greater detail.\u201d<\/blockquote>\n\t\t\t\t<figcaption>Dr. Annemarie Jaeggi<\/figcaption>\n\t<\/figure>\n<\/div>\n<\/div>\n<\/div>\n<\/div>\n<\/div>\n<\/section>\n\n<section class='wp-block-ho-pattern toggle-optional-headline' data-pattern='ho\/text-option-headline'>\n\n<div  class='margin-bottom-7'>\n\n<div  class='container-fluid cf-gutter-5 cf-side-5'>\n\n<div  class='row ho-pattern-optional-headline'>\n\n<div  class='col col-md-6 col-xs-12 col-md-offset-6'>\n\n<div  class='padding-bottom-4'>\n<h2 class='ho-sd-h5' style=\"white-space: normal;\">Lorem ipsum<\/h2>\n<\/div>\n<\/div>\n<\/div>\n\n\n\n\n<div  class='row'>\n\n<div  class='col col-md-6 col-xs-12 col-md-offset-6'>\n\n<div class=\"wp-block-ho-div\">\t<p class='ho-sd-body'><strong>One can view the Bauhaus in hindsight through various layers. In the post-war years, Marxist and psychoanalytical thinkers associated with the Frankfurt School criticised the objectification of our living environment, later it was perhaps the environmental movement, and today there is a whole spectrum of approaches. How do you go about addressing these aspects?<\/strong><br><br>The Bauhaus-Archiv has been closed since 2018 for renovation and expansion and will presumably reopen in 2025. In these seven years, we\u2019ve seen the world change at a pace we never imagined. We were already staging exhibitions on women at the Bauhaus in the 1990s and 2000s. We weren\u2019t yet considering colonial issues back then. Meanwhile we\u2019ve put the question to our collection, and the results will be integrated into the new presentation. We want to initiate dialogue on certain themes, present selected points of view, and allow our visitors to incorporate their own ideas, which we will ideally try to explore in greater detail. We are currently in the midst of an enormous process of transformation.<\/p>\n<\/div>\n<\/div>\n<\/div>\n<\/div>\n<\/div>\n<\/section>\n\n<section class='wp-block-ho-pattern ' data-pattern='ho\/medien-bild-volle-breite'>\n\n<div  class='margin-bottom-7'>\n\n<div  class='container-fluid cf-gutter-5 cf-side-5'>\n\n<div  class='row'>\n\n<div  class='col col-xs-12'>\n\n<div class=\"wp-block-ho-div\"><figure itemscope itemtype=\"http:\/\/schema.org\/ImageObject\" class=\"lazy-media-inline \" role=\"group\" aria-describedby=\"media_3gzU3J\">\n<script type=\"application\/json\">{\n\"id\" : 355,\n\"sizes\" : {\"medium\":{\"file\":\"2022_Annemarie-Jaeggi_c_Robert-Rieger-14-300x225.jpg\",\"width\":300,\"height\":225,\"mime-type\":\"image\\\/jpeg\",\"filesize\":12473},\"large\":{\"file\":\"2022_Annemarie-Jaeggi_c_Robert-Rieger-14-1024x768.jpg\",\"width\":1024,\"height\":768,\"mime-type\":\"image\\\/jpeg\",\"filesize\":72004},\"medium_large\":{\"file\":\"2022_Annemarie-Jaeggi_c_Robert-Rieger-14-768x576.jpg\",\"width\":768,\"height\":576,\"mime-type\":\"image\\\/jpeg\",\"filesize\":46753},\"1536x1536\":{\"file\":\"2022_Annemarie-Jaeggi_c_Robert-Rieger-14-1536x1152.jpg\",\"width\":1536,\"height\":1152,\"mime-type\":\"image\\\/jpeg\",\"filesize\":136560},\"2048x2048\":{\"file\":\"2022_Annemarie-Jaeggi_c_Robert-Rieger-14-2048x1536.jpg\",\"width\":2048,\"height\":1536,\"mime-type\":\"image\\\/jpeg\",\"filesize\":220334},\"small\":{\"file\":\"2022_Annemarie-Jaeggi_c_Robert-Rieger-14-440x330.jpg\",\"width\":440,\"height\":330,\"mime-type\":\"image\\\/jpeg\",\"filesize\":21064},\"semi\":{\"file\":\"2022_Annemarie-Jaeggi_c_Robert-Rieger-14-580x435.jpg\",\"width\":580,\"height\":435,\"mime-type\":\"image\\\/jpeg\",\"filesize\":31584},\"mobile\":{\"file\":\"2022_Annemarie-Jaeggi_c_Robert-Rieger-14-720x540.jpg\",\"width\":720,\"height\":540,\"mime-type\":\"image\\\/jpeg\",\"filesize\":42846},\"hd\":{\"file\":\"2022_Annemarie-Jaeggi_c_Robert-Rieger-14-1280x960.jpg\",\"width\":1280,\"height\":960,\"mime-type\":\"image\\\/jpeg\",\"filesize\":101845},\"full\":{\"file\":\"2022_Annemarie-Jaeggi_c_Robert-Rieger-14-1920x1440.jpg\",\"width\":1920,\"height\":1440,\"mime-type\":\"image\\\/jpeg\",\"filesize\":197836},\"original\":{\"file\":\"2022_Annemarie-Jaeggi_c_Robert-Rieger-14.jpg\",\"width\":2500,\"height\":1875}},\n\"alt\" : \"Annemarie Jaeggi und Philipp Hindahl betrachten das Modell des zuk\\u00fcnftigen Bauhaus-Archivs vor einer historischen Schwarzwei\\u00dffotografie.\",\n\"path\" : \"\\\/wp-content\\\/uploads\\\/2025\\\/04\\\/\",\n\"video\" : null,\n\"autoplay\" : null,\n\"youtube\" : null,\n\"youtubelabel\" : \"play\",\n\"brightness\" : 100,\n\"crop\" : {\"x\":0.5,\"y\":0.5},\n\"background\" : true,\n\"scale\" : 1,\n\"zoom\" : false,\n\"annotations\" : null}<\/script>\n<div class=\"height-container \" style=\"padding-bottom:52%;   \">\n\t<div class=\"height-container-contents lazy-media-contents\">\n\t\n\t<div class=\"lazy-media-preview\" style=\"background-image: url('data:image\/jpeg;base64,\/9j\/4AAQSkZJRgABAQEAYABgAAD\/\/gA7Q1JFQVRPUjogZ2QtanBlZyB2MS4wICh1c2luZyBJSkcgSlBFRyB2NjIpLCBxdWFsaXR5ID0gOTAK\/9sAQwADAgIDAgIDAwMDBAMDBAUIBQUEBAUKBwcGCAwKDAwLCgsLDQ4SEA0OEQ4LCxAWEBETFBUVFQwPFxgWFBgSFBUU\/9sAQwEDBAQFBAUJBQUJFA0LDRQUFBQUFBQUFBQUFBQUFBQUFBQUFBQUFBQUFBQUFBQUFBQUFBQUFBQUFBQUFBQUFBQU\/8AAEQgAEgAYAwEiAAIRAQMRAf\/EAB8AAAEFAQEBAQEBAAAAAAAAAAABAgMEBQYHCAkKC\/\/EALUQAAIBAwMCBAMFBQQEAAABfQECAwAEEQUSITFBBhNRYQcicRQygZGhCCNCscEVUtHwJDNicoIJChYXGBkaJSYnKCkqNDU2Nzg5OkNERUZHSElKU1RVVldYWVpjZGVmZ2hpanN0dXZ3eHl6g4SFhoeIiYqSk5SVlpeYmZqio6Slpqeoqaqys7S1tre4ubrCw8TFxsfIycrS09TV1tfY2drh4uPk5ebn6Onq8fLz9PX29\/j5+v\/EAB8BAAMBAQEBAQEBAQEAAAAAAAABAgMEBQYHCAkKC\/\/EALURAAIBAgQEAwQHBQQEAAECdwABAgMRBAUhMQYSQVEHYXETIjKBCBRCkaGxwQkjM1LwFWJy0QoWJDThJfEXGBkaJicoKSo1Njc4OTpDREVGR0hJSlNUVVZXWFlaY2RlZmdoaWpzdHV2d3h5eoKDhIWGh4iJipKTlJWWl5iZmqKjpKWmp6ipqrKztLW2t7i5usLDxMXGx8jJytLT1NXW19jZ2uLj5OXm5+jp6vLz9PX29\/j5+v\/aAAwDAQACEQMRAD8A+n\/jb8VtM+EvhMajfXdvbSySCOJbhsBsnmvOPHHxe0m28F6Jr0t5bLb3wIWYE9fb2qn+1l4Ak+J2u+CNNso7e7m892aK5P7soOp+tdBf\/BKPxH4Ii0S6gtoY7WIpbbVDKjY9K8qtC+vc76U+nY+YW\/aP0fxHa6tJJqiwy2DlFAbCvzwR9aKo+OP2VR8Nfhn4vvNctLe+vFVpra4thtCr2yPaiuaOHhK+5pKvONtj6pumJ8e+FGJJbzXGe\/SvXl4VvqaKK2pfwkFX+LI8u\/aRUN8F\/GJIBI06Xk\/Siiit6XU5q26P\/9k='); background-position: 50% 50%; height: 100%; width: 100%;\"><\/div>\n\n\t\t<lazy-media-inline inline-template>\n\t\t<div>\n\t\t\t<lazy-media :inline=\"true\" :alt=\"alt\" :sizes=\"sizes\" :scale=\"scale\" :zoom=\"zoom\" :brightness=\"brightness\" :path=\"path\" :video=\"video\" :autoplay=\"autoplay\" :youtube=\"youtube\" :crop=\"crop\" :youtubelabel=\"youtubelabel\" :annotations=\"annotations\" :background=\"background\" v-if=\"sizes\"><\/lazy-media>\n\t\t<\/div>\n\t<\/lazy-media-inline>\n\t\t\t<\/div>\n<\/div>\n\n\n\n\n\n\n<\/figure>\n\n\t\t<\/div>\n<\/div>\n<\/div>\n<\/div>\n\n\n\n\n<div  class='container-fluid cf-gutter-5 cf-side-5'>\n\n<div  class='row'>\n\n<div  class='col col-xs-12'>\n\n<div class=\"wp-block-ho-div\"><figcaption id=\"media_3gzU3J\">\n\t<div class=\"figcaption-wrapper\">\n\t\t\t\t\t<div class=\"lazy-media-image-label\">Annemarie Jaeggi standing behind the model of the the new museum annex which can be visited at the Temporary Bauhaus-Archiv<\/div>\n\t\t\t\t\t\t\t<div class=\"lazy-media-image-description\">\u00a9 Robert Rieger<\/div>\n\t\t\t<\/div>\n<\/figcaption>\n<\/div>\n<\/div>\n<\/div>\n<\/div>\n<\/div>\n<\/section>\n\n<section class='wp-block-ho-pattern toggle-optional-headline' data-pattern='ho\/text-option-headline'>\n\n<div  class='margin-bottom-7'>\n\n<div  class='container-fluid cf-gutter-5 cf-side-5'>\n\n<div  class='row ho-pattern-optional-headline'>\n\n<div  class='col col-md-6 col-xs-12 col-md-offset-6'>\n\n<div  class='padding-bottom-4'>\n<h2 class='ho-sd-h5' style=\"white-space: normal;\">Lorem ipsum<\/h2>\n<\/div>\n<\/div>\n<\/div>\n\n\n\n\n<div  class='row'>\n\n<div  class='col col-md-6 col-xs-12 col-md-offset-6'>\n\n<div class=\"wp-block-ho-div\">\t<p class='ho-sd-body'><strong>The interesting thing about your new annex is how multifunctional the space is. You\u2019ve allocated a lot of space to educational activities.<\/strong><br><br>That\u2019s been neglected for a long time in German museums but has changed dramatically in recent years. We\u2019ve chosen areas which are still frequently overlooked, for example, early childhood education; we\u2019re working closely with childcare facilities in this area. It\u2019s something that corresponds wonderfully with the topic of the Bauhaus.<\/p>\n<\/div>\n<\/div>\n<\/div>\n<\/div>\n<\/div>\n<\/section>\n\n<section class='wp-block-ho-pattern ' data-pattern='ho\/text-zitat'>\n\n<div  class='margin-bottom-7'>\n\n<div  class='container-fluid cf-gutter-5 cf-side-5'>\n\n<div  class='row'>\n\n<div  class='col col-md-6 col-md-offset-3 col-xs-12'>\n\n<div class=\"wp-block-ho-div\"><figure class='wp-block-ho-quote '>\n\t\t\t<blockquote>\u201cEducation has to be a top priority because, after all, the Bauhaus was a school.\u201d<\/blockquote>\n\t\t\t\t<figcaption>Dr. Annemarie Jaeggi<\/figcaption>\n\t<\/figure>\n<\/div>\n<\/div>\n<\/div>\n<\/div>\n<\/div>\n<\/section>\n\n<section class='wp-block-ho-pattern toggle-optional-headline' data-pattern='ho\/text-option-headline'>\n\n<div  class='margin-bottom-7'>\n\n<div  class='container-fluid cf-gutter-5 cf-side-5'>\n\n<div  class='row ho-pattern-optional-headline'>\n\n<div  class='col col-md-6 col-xs-12 col-md-offset-6'>\n\n<div  class='padding-bottom-4'>\n<h2 class='ho-sd-h5' style=\"white-space: normal;\">Lorem ipsum<\/h2>\n<\/div>\n<\/div>\n<\/div>\n\n\n\n\n<div  class='row'>\n\n<div  class='col col-md-6 col-xs-12 col-md-offset-6'>\n\n<div class=\"wp-block-ho-div\">\t<p class='ho-sd-body'><strong>So you\u2019ve implemented the Bauhaus philosophy in the new annex?<\/strong><br><br>Education has to be a top priority because, after all, the Bauhaus was a school. That was the aim of all the participants of the architectural design competition for our new annex. Volker Staab submitted the proposal for a building that underscores our commitment to cultural education. It is a glass tower. From outside one can see what\u2019s going on inside. It will serve as a venue for open workshops with drop-in activities. Everyone who drops in can also join in.<br><br><strong>The existing building opened at the end of the 1970s and was designed by Walter Gropius in the 1960s. How does the new museum annex react to the architectural style of the original building?<\/strong><br><br>It was certainly a challenge to respond to this building. In our call for proposals, we explicitly stated that we did not want a building in a neo-Bauhaus style. Rather, we asked participants to think about what the building for the Bauhaus collection might look like. Volker Staab refers to the ideas and spirit of the Bauhaus without expressing them stylistically. For him it\u2019s about applying today\u2019s most cutting-edge building technology. The big challenge was incorporating what was supposed to be a filigree tower into the existing architecture. The structural engineers racked their brains until they finally came up with the solution, namely, to combine steel and wood elements as much as possible. Prefabrication and shortened construction times was incredibly important to Gropius in his day. When construction of the tower begins, one will be able to witness how quickly it will rise day by day.<\/p>\n<\/div>\n<\/div>\n<\/div>\n<\/div>\n<\/div>\n<\/section>\n\n<section class='wp-block-ho-pattern ' data-pattern='ho\/medien-bild-volle-breite'>\n\n<div  class='margin-bottom-7'>\n\n<div  class='container-fluid cf-gutter-5 cf-side-5'>\n\n<div  class='row'>\n\n<div  class='col col-xs-12'>\n\n<div class=\"wp-block-ho-div\"><figure itemscope itemtype=\"http:\/\/schema.org\/ImageObject\" class=\"lazy-media-inline \" role=\"group\" aria-describedby=\"media_3gzU3J\">\n<script type=\"application\/json\">{\n\"id\" : 2300,\n\"sizes\" : {\"medium\":{\"file\":\"Erster-Preis_Staab-Architekten-GmbH_Berlin_c_Staab-Architekten-2-300x223.jpg\",\"width\":300,\"height\":223,\"mime-type\":\"image\\\/jpeg\",\"filesize\":15136},\"large\":{\"file\":\"Erster-Preis_Staab-Architekten-GmbH_Berlin_c_Staab-Architekten-2-1024x760.jpg\",\"width\":1024,\"height\":760,\"mime-type\":\"image\\\/jpeg\",\"filesize\":119755},\"medium_large\":{\"file\":\"Erster-Preis_Staab-Architekten-GmbH_Berlin_c_Staab-Architekten-2-768x570.jpg\",\"width\":768,\"height\":570,\"mime-type\":\"image\\\/jpeg\",\"filesize\":73724},\"1536x1536\":{\"file\":\"Erster-Preis_Staab-Architekten-GmbH_Berlin_c_Staab-Architekten-2-1536x1141.jpg\",\"width\":1536,\"height\":1141,\"mime-type\":\"image\\\/jpeg\",\"filesize\":238317},\"2048x2048\":{\"file\":\"Erster-Preis_Staab-Architekten-GmbH_Berlin_c_Staab-Architekten-2-2048x1521.jpg\",\"width\":2048,\"height\":1521,\"mime-type\":\"image\\\/jpeg\",\"filesize\":384266},\"small\":{\"file\":\"Erster-Preis_Staab-Architekten-GmbH_Berlin_c_Staab-Architekten-2-440x327.jpg\",\"width\":440,\"height\":327,\"mime-type\":\"image\\\/jpeg\",\"filesize\":28780},\"semi\":{\"file\":\"Erster-Preis_Staab-Architekten-GmbH_Berlin_c_Staab-Architekten-2-580x431.jpg\",\"width\":580,\"height\":431,\"mime-type\":\"image\\\/jpeg\",\"filesize\":45402},\"mobile\":{\"file\":\"Erster-Preis_Staab-Architekten-GmbH_Berlin_c_Staab-Architekten-2-720x535.jpg\",\"width\":720,\"height\":535,\"mime-type\":\"image\\\/jpeg\",\"filesize\":66289},\"hd\":{\"file\":\"Erster-Preis_Staab-Architekten-GmbH_Berlin_c_Staab-Architekten-2-1280x951.jpg\",\"width\":1280,\"height\":951,\"mime-type\":\"image\\\/jpeg\",\"filesize\":174735},\"full\":{\"file\":\"Erster-Preis_Staab-Architekten-GmbH_Berlin_c_Staab-Architekten-2-1920x1426.jpg\",\"width\":1920,\"height\":1426,\"mime-type\":\"image\\\/jpeg\",\"filesize\":345247},\"original\":{\"file\":\"Erster-Preis_Staab-Architekten-GmbH_Berlin_c_Staab-Architekten-2.jpg\",\"width\":3000,\"height\":2228}},\n\"alt\" : \"Modern architecture with a large glass area, courtyard, and people exploring the space. Black and white image.\",\n\"path\" : \"\\\/wp-content\\\/uploads\\\/2025\\\/05\\\/\",\n\"video\" : null,\n\"autoplay\" : null,\n\"youtube\" : null,\n\"youtubelabel\" : \"play\",\n\"brightness\" : 100,\n\"crop\" : {\"x\":0.5,\"y\":0.5},\n\"background\" : true,\n\"scale\" : 1,\n\"zoom\" : false,\n\"annotations\" : null}<\/script>\n<div class=\"height-container \" style=\"padding-bottom:52%;   \">\n\t<div class=\"height-container-contents lazy-media-contents\">\n\t\n\t<div class=\"lazy-media-preview\" style=\"background-image: url('data:image\/jpeg;base64,\/9j\/4AAQSkZJRgABAQEAYABgAAD\/\/gA7Q1JFQVRPUjogZ2QtanBlZyB2MS4wICh1c2luZyBJSkcgSlBFRyB2NjIpLCBxdWFsaXR5ID0gOTAK\/9sAQwADAgIDAgIDAwMDBAMDBAUIBQUEBAUKBwcGCAwKDAwLCgsLDQ4SEA0OEQ4LCxAWEBETFBUVFQwPFxgWFBgSFBUU\/9sAQwEDBAQFBAUJBQUJFA0LDRQUFBQUFBQUFBQUFBQUFBQUFBQUFBQUFBQUFBQUFBQUFBQUFBQUFBQUFBQUFBQUFBQU\/8AAEQgAEQAYAwEiAAIRAQMRAf\/EAB8AAAEFAQEBAQEBAAAAAAAAAAABAgMEBQYHCAkKC\/\/EALUQAAIBAwMCBAMFBQQEAAABfQECAwAEEQUSITFBBhNRYQcicRQygZGhCCNCscEVUtHwJDNicoIJChYXGBkaJSYnKCkqNDU2Nzg5OkNERUZHSElKU1RVVldYWVpjZGVmZ2hpanN0dXZ3eHl6g4SFhoeIiYqSk5SVlpeYmZqio6Slpqeoqaqys7S1tre4ubrCw8TFxsfIycrS09TV1tfY2drh4uPk5ebn6Onq8fLz9PX29\/j5+v\/EAB8BAAMBAQEBAQEBAQEAAAAAAAABAgMEBQYHCAkKC\/\/EALURAAIBAgQEAwQHBQQEAAECdwABAgMRBAUhMQYSQVEHYXETIjKBCBRCkaGxwQkjM1LwFWJy0QoWJDThJfEXGBkaJicoKSo1Njc4OTpDREVGR0hJSlNUVVZXWFlaY2RlZmdoaWpzdHV2d3h5eoKDhIWGh4iJipKTlJWWl5iZmqKjpKWmp6ipqrKztLW2t7i5usLDxMXGx8jJytLT1NXW19jZ2uLj5OXm5+jp6vLz9PX29\/j5+v\/aAAwDAQACEQMRAD8A9f8A2V\/gF4d1nwBbTzSJHIwBd8fM3sKvfFf9mq1nZ10x7e9QsUAjI3KR2NeZfA3xFr+v+AbaDSNQaGFmUFoyAQQa9Ls\/Al9przLqPiKW0inYzMyTbW3Y5Oc0AfEXx4+C9z4RhnNxbyQyD5lBHaivUf2jvHmj6Dd28U1z\/a8SwtHtlm3Oxz1zRQBd\/ZJ\/5EuH\/r4r174l\/cb6n+VFFAH58fHb\/kOj8f50UUUAf\/\/Z'); background-position: 50% 50%; height: 100%; width: 100%;\"><\/div>\n\n\t\t<lazy-media-inline inline-template>\n\t\t<div>\n\t\t\t<lazy-media :inline=\"true\" :alt=\"alt\" :sizes=\"sizes\" :scale=\"scale\" :zoom=\"zoom\" :brightness=\"brightness\" :path=\"path\" :video=\"video\" :autoplay=\"autoplay\" :youtube=\"youtube\" :crop=\"crop\" :youtubelabel=\"youtubelabel\" :annotations=\"annotations\" :background=\"background\" v-if=\"sizes\"><\/lazy-media>\n\t\t<\/div>\n\t<\/lazy-media-inline>\n\t\t\t<\/div>\n<\/div>\n\n\n\n\n\n\n<\/figure>\n\n\t\t<\/div>\n<\/div>\n<\/div>\n<\/div>\n\n\n\n\n<div  class='container-fluid cf-gutter-5 cf-side-5'>\n\n<div  class='row'>\n\n<div  class='col col-xs-12'>\n\n<div class=\"wp-block-ho-div\"><figcaption id=\"media_3gzU3J\">\n\t<div class=\"figcaption-wrapper\">\n\t\t\t\t\t<div class=\"lazy-media-image-label\">Competition design for the Bauhaus-Archiv \/ Museum f\u00fcr Gestaltung, interior perspective, 2015<\/div>\n\t\t\t\t\t\t\t<div class=\"lazy-media-image-description\">\u00a9 Staab Architekten<\/div>\n\t\t\t<\/div>\n<\/figcaption>\n<\/div>\n<\/div>\n<\/div>\n<\/div>\n<\/div>\n<\/section>\n\n<section class='wp-block-ho-pattern ' data-pattern='ho\/medien-bild-zwei-bilder-gross-gross'>\n\n<div  class='margin-bottom-7'>\n\n<div  class='container-fluid cf-gutter-5 cf-side-5'>\n\n<div  class='row'>\n\n<div  class='col col-md-6 col-xs-11 mobile-margin-bottom-5'>\n\n<div class=\"wp-block-ho-div\"><figure itemscope itemtype=\"http:\/\/schema.org\/ImageObject\" class=\"lazy-media-inline \" role=\"group\" aria-describedby=\"media_3gzU3J\">\n<script type=\"application\/json\">{\n\"id\" : 338,\n\"sizes\" : {\"medium\":{\"file\":\"20250301_Baustelle_Neubau_Esplanade_c_Catrin-Schmitt_low-3-300x200.jpg\",\"width\":300,\"height\":200,\"mime-type\":\"image\\\/jpeg\",\"filesize\":17409},\"large\":{\"file\":\"20250301_Baustelle_Neubau_Esplanade_c_Catrin-Schmitt_low-3-1024x683.jpg\",\"width\":1024,\"height\":683,\"mime-type\":\"image\\\/jpeg\",\"filesize\":168679},\"medium_large\":{\"file\":\"20250301_Baustelle_Neubau_Esplanade_c_Catrin-Schmitt_low-3-768x512.jpg\",\"width\":768,\"height\":512,\"mime-type\":\"image\\\/jpeg\",\"filesize\":96397},\"1536x1536\":{\"file\":\"20250301_Baustelle_Neubau_Esplanade_c_Catrin-Schmitt_low-3-1536x1024.jpg\",\"width\":1536,\"height\":1024,\"mime-type\":\"image\\\/jpeg\",\"filesize\":358317},\"2048x2048\":{\"file\":\"20250301_Baustelle_Neubau_Esplanade_c_Catrin-Schmitt_low-3-2048x1365.jpg\",\"width\":2048,\"height\":1365,\"mime-type\":\"image\\\/jpeg\",\"filesize\":612490},\"small\":{\"file\":\"20250301_Baustelle_Neubau_Esplanade_c_Catrin-Schmitt_low-3-440x293.jpg\",\"width\":440,\"height\":293,\"mime-type\":\"image\\\/jpeg\",\"filesize\":34726},\"semi\":{\"file\":\"20250301_Baustelle_Neubau_Esplanade_c_Catrin-Schmitt_low-3-580x387.jpg\",\"width\":580,\"height\":387,\"mime-type\":\"image\\\/jpeg\",\"filesize\":58540},\"mobile\":{\"file\":\"20250301_Baustelle_Neubau_Esplanade_c_Catrin-Schmitt_low-3-720x480.jpg\",\"width\":720,\"height\":480,\"mime-type\":\"image\\\/jpeg\",\"filesize\":86077},\"hd\":{\"file\":\"20250301_Baustelle_Neubau_Esplanade_c_Catrin-Schmitt_low-3-1280x853.jpg\",\"width\":1280,\"height\":853,\"mime-type\":\"image\\\/jpeg\",\"filesize\":256247},\"full\":{\"file\":\"20250301_Baustelle_Neubau_Esplanade_c_Catrin-Schmitt_low-3-1920x1280.jpg\",\"width\":1920,\"height\":1280,\"mime-type\":\"image\\\/jpeg\",\"filesize\":542285},\"xxl\":{\"file\":\"20250301_Baustelle_Neubau_Esplanade_c_Catrin-Schmitt_low-3-4048x2699.jpg\",\"width\":4048,\"height\":2699,\"mime-type\":\"image\\\/jpeg\",\"filesize\":1972527},\"original\":{\"file\":\"20250301_Baustelle_Neubau_Esplanade_c_Catrin-Schmitt_low-3.jpg\",\"width\":6000,\"height\":4000}},\n\"alt\" : \"Modern buildings along a river, with trees in the foreground and a crane in the background.\",\n\"path\" : \"\\\/wp-content\\\/uploads\\\/2025\\\/04\\\/\",\n\"video\" : null,\n\"autoplay\" : null,\n\"youtube\" : null,\n\"youtubelabel\" : \"play\",\n\"brightness\" : 100,\n\"crop\" : null,\n\"background\" : false,\n\"scale\" : 1,\n\"zoom\" : false,\n\"annotations\" : null}<\/script>\n<div class=\"height-container \" style=\"padding-bottom:66.666666666667%;   \">\n\t<div class=\"height-container-contents lazy-media-contents\">\n\t\n\t<div class=\"lazy-media-preview\" style=\"background-image: url('data:image\/jpeg;base64,\/9j\/4AAQSkZJRgABAQEAYABgAAD\/\/gA7Q1JFQVRPUjogZ2QtanBlZyB2MS4wICh1c2luZyBJSkcgSlBFRyB2NjIpLCBxdWFsaXR5ID0gOTAK\/9sAQwADAgIDAgIDAwMDBAMDBAUIBQUEBAUKBwcGCAwKDAwLCgsLDQ4SEA0OEQ4LCxAWEBETFBUVFQwPFxgWFBgSFBUU\/9sAQwEDBAQFBAUJBQUJFA0LDRQUFBQUFBQUFBQUFBQUFBQUFBQUFBQUFBQUFBQUFBQUFBQUFBQUFBQUFBQUFBQUFBQU\/8AAEQgADwAYAwEiAAIRAQMRAf\/EAB8AAAEFAQEBAQEBAAAAAAAAAAABAgMEBQYHCAkKC\/\/EALUQAAIBAwMCBAMFBQQEAAABfQECAwAEEQUSITFBBhNRYQcicRQygZGhCCNCscEVUtHwJDNicoIJChYXGBkaJSYnKCkqNDU2Nzg5OkNERUZHSElKU1RVVldYWVpjZGVmZ2hpanN0dXZ3eHl6g4SFhoeIiYqSk5SVlpeYmZqio6Slpqeoqaqys7S1tre4ubrCw8TFxsfIycrS09TV1tfY2drh4uPk5ebn6Onq8fLz9PX29\/j5+v\/EAB8BAAMBAQEBAQEBAQEAAAAAAAABAgMEBQYHCAkKC\/\/EALURAAIBAgQEAwQHBQQEAAECdwABAgMRBAUhMQYSQVEHYXETIjKBCBRCkaGxwQkjM1LwFWJy0QoWJDThJfEXGBkaJicoKSo1Njc4OTpDREVGR0hJSlNUVVZXWFlaY2RlZmdoaWpzdHV2d3h5eoKDhIWGh4iJipKTlJWWl5iZmqKjpKWmp6ipqrKztLW2t7i5usLDxMXGx8jJytLT1NXW19jZ2uLj5OXm5+jp6vLz9PX29\/j5+v\/aAAwDAQACEQMRAD8A5rRPj34xuNEt7uVLd5pZNjRoPufWu4sPjF4lv4lWLToNwXLM0oyPfFfCuhfFGa8aS2sLiWGSTk714rrNF+ImqxuLZ5gkhQr5nJzWvtMRJcyiYezpp8rkfZur+LNUstBGpTgXKr806QEEp6HHpRXySPF2tWUE0ZmXfKvlsyO3zD3orkdautmztjCi1rY\/\/9k='); background-position: 50% 50%; height: 100%; width: 100%;\"><\/div>\n\n\t\n<div class=\"lazy-media loaded\">\n\t<img decoding=\"async\" src=\"https:\/\/www.bauhaus.de\/wp-content\/uploads\/2025\/04\/20250301_Baustelle_Neubau_Esplanade_c_Catrin-Schmitt_low-3-1920x1280.jpg\" srcset=\"https:\/\/www.bauhaus.de\/wp-content\/uploads\/2025\/04\/20250301_Baustelle_Neubau_Esplanade_c_Catrin-Schmitt_low-3-1920x1280.jpg 1920w, https:\/\/www.bauhaus.de\/wp-content\/uploads\/2025\/04\/20250301_Baustelle_Neubau_Esplanade_c_Catrin-Schmitt_low-3-300x200.jpg 300w, https:\/\/www.bauhaus.de\/wp-content\/uploads\/2025\/04\/20250301_Baustelle_Neubau_Esplanade_c_Catrin-Schmitt_low-3-1024x683.jpg 1024w, https:\/\/www.bauhaus.de\/wp-content\/uploads\/2025\/04\/20250301_Baustelle_Neubau_Esplanade_c_Catrin-Schmitt_low-3-768x512.jpg 768w, https:\/\/www.bauhaus.de\/wp-content\/uploads\/2025\/04\/20250301_Baustelle_Neubau_Esplanade_c_Catrin-Schmitt_low-3-1536x1024.jpg 1536w, https:\/\/www.bauhaus.de\/wp-content\/uploads\/2025\/04\/20250301_Baustelle_Neubau_Esplanade_c_Catrin-Schmitt_low-3-2048x1365.jpg 2048w, https:\/\/www.bauhaus.de\/wp-content\/uploads\/2025\/04\/20250301_Baustelle_Neubau_Esplanade_c_Catrin-Schmitt_low-3-440x293.jpg 440w, https:\/\/www.bauhaus.de\/wp-content\/uploads\/2025\/04\/20250301_Baustelle_Neubau_Esplanade_c_Catrin-Schmitt_low-3-580x387.jpg 580w, https:\/\/www.bauhaus.de\/wp-content\/uploads\/2025\/04\/20250301_Baustelle_Neubau_Esplanade_c_Catrin-Schmitt_low-3-720x480.jpg 720w, https:\/\/www.bauhaus.de\/wp-content\/uploads\/2025\/04\/20250301_Baustelle_Neubau_Esplanade_c_Catrin-Schmitt_low-3-1280x853.jpg 1280w\" sizes=\"(max-width: 763px) 100vw, (qmin-width: 764px) and (max-width: 1023px) 100vw, (min-width: 1024px) 100vw\" alt=\"Modern buildings along a river, with trees in the foreground and a crane in the background.\" loading=\"lazy\" \/>\n<\/div>\t\t<\/div>\n<\/div>\n\n\n\n\n\n\t\t<figcaption class=\"\" id=\"media_3gzU3J\">\n\t\t\t<div class=\"figcaption-wrapper\">\n\t\t\t\t\t\t\t<div class=\"lazy-media-image-label\">Die Baustelle in der Klingelh\u00f6ferstra\u00dfe, M\u00e4rz 2025<\/div>\n\t\t\t\t\t\t\t\t\t\t<div class=\"lazy-media-image-description\">\u00a9 Catrin Schmitt <\/div>\n\t\t\t\t\t\t\t\t\t<\/div>\n\t\t<\/figcaption>\n\t\n<\/figure>\n\n\t\t<\/div>\n<\/div>\n\n\n\n\n<div  class='col col-md-6 col-md-offset-0 col-xs-offset-1 col-xs-11'>\n\n<div class=\"wp-block-ho-div\"><figure itemscope itemtype=\"http:\/\/schema.org\/ImageObject\" class=\"lazy-media-inline \" role=\"group\" aria-describedby=\"media_mJVyHD\">\n<script type=\"application\/json\">{\n\"id\" : 340,\n\"sizes\" : {\"medium\":{\"file\":\"20250306_Baustelle_Neubau_c_Catrin-Schmitt_low-22-200x300.jpg\",\"width\":200,\"height\":300,\"mime-type\":\"image\\\/jpeg\",\"filesize\":18387},\"large\":{\"file\":\"20250306_Baustelle_Neubau_c_Catrin-Schmitt_low-22-683x1024.jpg\",\"width\":683,\"height\":1024,\"mime-type\":\"image\\\/jpeg\",\"filesize\":125781},\"medium_large\":{\"file\":\"20250306_Baustelle_Neubau_c_Catrin-Schmitt_low-22-768x1152.jpg\",\"width\":768,\"height\":1152,\"mime-type\":\"image\\\/jpeg\",\"filesize\":150049},\"1536x1536\":{\"file\":\"20250306_Baustelle_Neubau_c_Catrin-Schmitt_low-22-1024x1536.jpg\",\"width\":1024,\"height\":1536,\"mime-type\":\"image\\\/jpeg\",\"filesize\":232447},\"2048x2048\":{\"file\":\"20250306_Baustelle_Neubau_c_Catrin-Schmitt_low-22-1365x2048.jpg\",\"width\":1365,\"height\":2048,\"mime-type\":\"image\\\/jpeg\",\"filesize\":361451},\"small\":{\"file\":\"20250306_Baustelle_Neubau_c_Catrin-Schmitt_low-22-293x440.jpg\",\"width\":293,\"height\":440,\"mime-type\":\"image\\\/jpeg\",\"filesize\":34405},\"semi\":{\"file\":\"20250306_Baustelle_Neubau_c_Catrin-Schmitt_low-22-387x580.jpg\",\"width\":387,\"height\":580,\"mime-type\":\"image\\\/jpeg\",\"filesize\":53279},\"mobile\":{\"file\":\"20250306_Baustelle_Neubau_c_Catrin-Schmitt_low-22-480x720.jpg\",\"width\":480,\"height\":720,\"mime-type\":\"image\\\/jpeg\",\"filesize\":72833},\"hd\":{\"file\":\"20250306_Baustelle_Neubau_c_Catrin-Schmitt_low-22-853x1280.jpg\",\"width\":853,\"height\":1280,\"mime-type\":\"image\\\/jpeg\",\"filesize\":177153},\"full\":{\"file\":\"20250306_Baustelle_Neubau_c_Catrin-Schmitt_low-22-1280x1920.jpg\",\"width\":1280,\"height\":1920,\"mime-type\":\"image\\\/jpeg\",\"filesize\":326310},\"xxl\":{\"file\":\"20250306_Baustelle_Neubau_c_Catrin-Schmitt_low-22-2699x4048.jpg\",\"width\":2699,\"height\":4048,\"mime-type\":\"image\\\/jpeg\",\"filesize\":1074940},\"original\":{\"file\":\"20250306_Baustelle_Neubau_c_Catrin-Schmitt_low-22.jpg\",\"width\":3857,\"height\":5785}},\n\"alt\" : \"Construction site with cranes and building materials, surrounded by leafy branches and clear blue sky.\",\n\"path\" : \"\\\/wp-content\\\/uploads\\\/2025\\\/04\\\/\",\n\"video\" : null,\n\"autoplay\" : null,\n\"youtube\" : null,\n\"youtubelabel\" : \"play\",\n\"brightness\" : 100,\n\"crop\" : null,\n\"background\" : false,\n\"scale\" : 1,\n\"zoom\" : false,\n\"annotations\" : null}<\/script>\n<div class=\"height-container \" style=\"padding-bottom:149.98703655691%;   \">\n\t<div class=\"height-container-contents lazy-media-contents\">\n\t\n\t<div class=\"lazy-media-preview\" style=\"background-image: url('data:image\/jpeg;base64,\/9j\/4AAQSkZJRgABAQEAYABgAAD\/\/gA7Q1JFQVRPUjogZ2QtanBlZyB2MS4wICh1c2luZyBJSkcgSlBFRyB2NjIpLCBxdWFsaXR5ID0gOTAK\/9sAQwADAgIDAgIDAwMDBAMDBAUIBQUEBAUKBwcGCAwKDAwLCgsLDQ4SEA0OEQ4LCxAWEBETFBUVFQwPFxgWFBgSFBUU\/9sAQwEDBAQFBAUJBQUJFA0LDRQUFBQUFBQUFBQUFBQUFBQUFBQUFBQUFBQUFBQUFBQUFBQUFBQUFBQUFBQUFBQUFBQU\/8AAEQgAJAAYAwEiAAIRAQMRAf\/EAB8AAAEFAQEBAQEBAAAAAAAAAAABAgMEBQYHCAkKC\/\/EALUQAAIBAwMCBAMFBQQEAAABfQECAwAEEQUSITFBBhNRYQcicRQygZGhCCNCscEVUtHwJDNicoIJChYXGBkaJSYnKCkqNDU2Nzg5OkNERUZHSElKU1RVVldYWVpjZGVmZ2hpanN0dXZ3eHl6g4SFhoeIiYqSk5SVlpeYmZqio6Slpqeoqaqys7S1tre4ubrCw8TFxsfIycrS09TV1tfY2drh4uPk5ebn6Onq8fLz9PX29\/j5+v\/EAB8BAAMBAQEBAQEBAQEAAAAAAAABAgMEBQYHCAkKC\/\/EALURAAIBAgQEAwQHBQQEAAECdwABAgMRBAUhMQYSQVEHYXETIjKBCBRCkaGxwQkjM1LwFWJy0QoWJDThJfEXGBkaJicoKSo1Njc4OTpDREVGR0hJSlNUVVZXWFlaY2RlZmdoaWpzdHV2d3h5eoKDhIWGh4iJipKTlJWWl5iZmqKjpKWmp6ipqrKztLW2t7i5usLDxMXGx8jJytLT1NXW19jZ2uLj5OXm5+jp6vLz9PX29\/j5+v\/aAAwDAQACEQMRAD8A8t1vwBLZXBbyDHH6HoD7VlP4bKWzReWQSc5xX0v4l8MtLZQgQsh6FHGcfSudn8Iv5RPlqQBz8tfo2CxUq2HTqb279tT4arTjTl7rPCtK8ONBfxr0ZsHpmivUtX8MTwzERL5cnBD7elFfL4mN6jcrdd\/X0PoaM1yJRufT\/hXwyL7R1\/ta3eyfBKefnn05NZl1BpP76xa5tRdpGT5aSjJ9DmvK5f27LPxSHDWdsFKlUVxwleTa54m0PV7qa8t9Q+yzyklgkmOtfPwxOJgpK7R6Dw9C0VZM9b+Ifi3RvCnh++vC4nvIDkQhgd49KK+Y\/Fd6kNorDUknU8YlOciipp18Rref4Gjp0V9g8W1uMQ6ebqImKVl52HArP0DXry4LJJLuCqetFFela8JHn3tNDtevJhpLyCRgwTjn3oooqMOvi9TeWyP\/2Q=='); background-position: 50% 50%; height: 100%; width: 100%;\"><\/div>\n\n\t\n<div class=\"lazy-media loaded\">\n\t<img decoding=\"async\" src=\"https:\/\/www.bauhaus.de\/wp-content\/uploads\/2025\/04\/20250306_Baustelle_Neubau_c_Catrin-Schmitt_low-22-1280x1920.jpg\" srcset=\"https:\/\/www.bauhaus.de\/wp-content\/uploads\/2025\/04\/20250306_Baustelle_Neubau_c_Catrin-Schmitt_low-22-1280x1920.jpg 1280w, https:\/\/www.bauhaus.de\/wp-content\/uploads\/2025\/04\/20250306_Baustelle_Neubau_c_Catrin-Schmitt_low-22-200x300.jpg 200w, https:\/\/www.bauhaus.de\/wp-content\/uploads\/2025\/04\/20250306_Baustelle_Neubau_c_Catrin-Schmitt_low-22-683x1024.jpg 683w, https:\/\/www.bauhaus.de\/wp-content\/uploads\/2025\/04\/20250306_Baustelle_Neubau_c_Catrin-Schmitt_low-22-768x1152.jpg 768w, https:\/\/www.bauhaus.de\/wp-content\/uploads\/2025\/04\/20250306_Baustelle_Neubau_c_Catrin-Schmitt_low-22-1024x1536.jpg 1024w, https:\/\/www.bauhaus.de\/wp-content\/uploads\/2025\/04\/20250306_Baustelle_Neubau_c_Catrin-Schmitt_low-22-1365x2048.jpg 1365w, https:\/\/www.bauhaus.de\/wp-content\/uploads\/2025\/04\/20250306_Baustelle_Neubau_c_Catrin-Schmitt_low-22-293x440.jpg 293w, https:\/\/www.bauhaus.de\/wp-content\/uploads\/2025\/04\/20250306_Baustelle_Neubau_c_Catrin-Schmitt_low-22-387x580.jpg 387w, https:\/\/www.bauhaus.de\/wp-content\/uploads\/2025\/04\/20250306_Baustelle_Neubau_c_Catrin-Schmitt_low-22-480x720.jpg 480w, https:\/\/www.bauhaus.de\/wp-content\/uploads\/2025\/04\/20250306_Baustelle_Neubau_c_Catrin-Schmitt_low-22-853x1280.jpg 853w\" sizes=\"(max-width: 763px) 91.666666666667vw, (min-width: 764px) and (max-width: 1023px) 50vw, (min-width: 1024px) 50vw\" alt=\"Construction site with cranes and building materials, surrounded by leafy branches and clear blue sky.\" loading=\"lazy\" \/>\n<\/div>\t\t<\/div>\n<\/div>\n\n\n\n\n\n\t\t<figcaption class=\"\" id=\"media_mJVyHD\">\n\t\t\t<div class=\"figcaption-wrapper\">\n\t\t\t\t\t\t\t<div class=\"lazy-media-image-label\">Die Baustelle in der Klingelh\u00f6ferstra\u00dfe<\/div>\n\t\t\t\t\t\t\t\t\t\t<div class=\"lazy-media-image-description\">\u00a9 Catrin Schmitt\n <\/div>\n\t\t\t\t\t\t\t\t\t<\/div>\n\t\t<\/figcaption>\n\t\n<\/figure>\n\n\t\t<\/div>\n<\/div>\n<\/div>\n<\/div>\n<\/div>\n<\/section>\n\n<section class='wp-block-ho-pattern toggle-optional-headline' data-pattern='ho\/text-option-headline'>\n\n<div  class='margin-bottom-7'>\n\n<div  class='container-fluid cf-gutter-5 cf-side-5'>\n\n<div  class='row ho-pattern-optional-headline'>\n\n<div  class='col col-md-6 col-xs-12 col-md-offset-6'>\n\n<div  class='padding-bottom-4'>\n<h2 class='ho-sd-h5' style=\"white-space: normal;\">Lorem ipsum<\/h2>\n<\/div>\n<\/div>\n<\/div>\n\n\n\n\n<div  class='row'>\n\n<div  class='col col-md-6 col-xs-12 col-md-offset-6'>\n\n<div class=\"wp-block-ho-div\">\t<p class='ho-sd-body'><strong>And what will the new exhibition rooms look like?<\/strong><br><br>As soon as you display originals, you have to meet certain conservational standards with respect to light, temperature and humidity. This especially applies to highly light-sensitive works on paper or fabrics. In our building designed by Walter Gropius, we\u2019ve constantly struggled with an abundance of natural light which falls through the windows. That\u2019s why we\u2019ve decided to create optimal conditions in the annex to allow us to present as much of our wonderful collection as possible.<br><br><strong>Yet one shouldn\u2019t neglect the opportunities offered by digital technology. How are you preparing for this new type of presentation technique?<\/strong><br><br>We\u2019ve always developed our exhibitions with a cultural-scientific mindset. Which means we\u2019ve taken documentary materials into account, whether it\u2019s letters, leaflets or manuscripts. But of course, we don\u2019t want exhibitions entirely comprised of display cases. Much of what we present will be displayed via projections and video screens, but this shouldn\u2019t and won\u2019t distract from the original works.<\/p>\n<\/div>\n<\/div>\n<\/div>\n<\/div>\n<\/div>\n<\/section>\n\n<section class='wp-block-ho-pattern ' data-pattern='ho\/text-zitat'>\n\n<div  class='margin-bottom-7'>\n\n<div  class='container-fluid cf-gutter-5 cf-side-5'>\n\n<div  class='row'>\n\n<div  class='col col-md-6 col-md-offset-3 col-xs-12'>\n\n<div class=\"wp-block-ho-div\"><figure class='wp-block-ho-quote '>\n\t\t\t<blockquote>\u201cWe would like to make a stronger impression at this location so that neighbours and Berliners feel welcome.\u201d<\/blockquote>\n\t\t\t\t<figcaption>Dr. Annemarie Jaeggi<\/figcaption>\n\t<\/figure>\n<\/div>\n<\/div>\n<\/div>\n<\/div>\n<\/div>\n<\/section>\n\n<section class='wp-block-ho-pattern toggle-optional-headline' data-pattern='ho\/text-option-headline'>\n\n<div  class='margin-bottom-7'>\n\n<div  class='container-fluid cf-gutter-5 cf-side-5'>\n\n<div  class='row ho-pattern-optional-headline'>\n\n<div  class='col col-md-6 col-xs-12 col-md-offset-6'>\n\n<div  class='padding-bottom-4'>\n<h2 class='ho-sd-h5' style=\"white-space: normal;\">Lorem ipsum<\/h2>\n<\/div>\n<\/div>\n<\/div>\n\n\n\n\n<div  class='row'>\n\n<div  class='col col-md-6 col-xs-12 col-md-offset-6'>\n\n<div class=\"wp-block-ho-div\">\t<p class='ho-sd-body'><strong>How is the museum annex integrated in the immediate surroundings, and how are you responding to the ever-increasing call for more participation and openness?<\/strong><br><br>The architectural style of our building sometimes came across as closed off and self-contained. The new building, on the other hand, symbolises openness, even though the museum won\u2019t be situated above ground. We want to enhance the premises in such a way that it will become a place people want to visit, where things will be offered on the grounds outside as well. The shop and caf\u00e9 will be visible in a very different way. We aim to try out many new things, see what works and learn from the mistakes we make. That, by the way, is also a principle of the Bauhaus.<\/p>\n<\/div>\n<\/div>\n<\/div>\n<\/div>\n<\/div>\n<\/section>\n\n<section class='wp-block-ho-pattern show-optional-copy' data-pattern='ho\/text-infobox-mit-bild'>\n\n<div  class='margin-bottom-7'>\n\n<div  class='container-fluid cf-gutter-5 cf-side-5'>\n\n<div  class='row'>\n\n<div  class='col col-xs-12 col-md-5'>\n\n<div  class='color-bg-highlight color-fg-highlight color-bg-fg-reversed'>\n\n<div  class='margin-right-2 padding-top-2 padding-bottom-2 margin-left-2'>\n\n<div  class='container-fluid cf-rem-max-width cf-gutter-1 cf-side-1'>\n\n<div  class='row'>\n\n<div  class='col col-md-offset-0 col-md-3 col-xs-3'>\n\n<div  class='margin-bottom-4'><figure itemscope itemtype=\"http:\/\/schema.org\/ImageObject\" class=\"lazy-media-inline \" role=\"group\" aria-describedby=\"media_v2WJmT\">\n<script type=\"application\/json\">{\n\"id\" : 351,\n\"sizes\" : {\"medium\":{\"file\":\"2019_Annemarie-Jaeggi_c_Catrin-Schmitt-1-300x200.jpg\",\"width\":300,\"height\":200,\"mime-type\":\"image\\\/jpeg\",\"filesize\":8547},\"large\":{\"file\":\"2019_Annemarie-Jaeggi_c_Catrin-Schmitt-1-1024x683.jpg\",\"width\":1024,\"height\":683,\"mime-type\":\"image\\\/jpeg\",\"filesize\":49526},\"medium_large\":{\"file\":\"2019_Annemarie-Jaeggi_c_Catrin-Schmitt-1-768x512.jpg\",\"width\":768,\"height\":512,\"mime-type\":\"image\\\/jpeg\",\"filesize\":31296},\"1536x1536\":{\"file\":\"2019_Annemarie-Jaeggi_c_Catrin-Schmitt-1-1536x1024.jpg\",\"width\":1536,\"height\":1024,\"mime-type\":\"image\\\/jpeg\",\"filesize\":102914},\"2048x2048\":{\"file\":\"2019_Annemarie-Jaeggi_c_Catrin-Schmitt-1-2048x1365.jpg\",\"width\":2048,\"height\":1365,\"mime-type\":\"image\\\/jpeg\",\"filesize\":182572},\"small\":{\"file\":\"2019_Annemarie-Jaeggi_c_Catrin-Schmitt-1-440x293.jpg\",\"width\":440,\"height\":293,\"mime-type\":\"image\\\/jpeg\",\"filesize\":14067},\"semi\":{\"file\":\"2019_Annemarie-Jaeggi_c_Catrin-Schmitt-1-580x387.jpg\",\"width\":580,\"height\":387,\"mime-type\":\"image\\\/jpeg\",\"filesize\":21102},\"mobile\":{\"file\":\"2019_Annemarie-Jaeggi_c_Catrin-Schmitt-1-720x480.jpg\",\"width\":720,\"height\":480,\"mime-type\":\"image\\\/jpeg\",\"filesize\":28311},\"hd\":{\"file\":\"2019_Annemarie-Jaeggi_c_Catrin-Schmitt-1-1280x853.jpg\",\"width\":1280,\"height\":853,\"mime-type\":\"image\\\/jpeg\",\"filesize\":73502},\"full\":{\"file\":\"2019_Annemarie-Jaeggi_c_Catrin-Schmitt-1-1920x1280.jpg\",\"width\":1920,\"height\":1280,\"mime-type\":\"image\\\/jpeg\",\"filesize\":159746},\"xxl\":{\"file\":\"2019_Annemarie-Jaeggi_c_Catrin-Schmitt-1-4048x2699.jpg\",\"width\":4048,\"height\":2699,\"mime-type\":\"image\\\/jpeg\",\"filesize\":789862},\"original\":{\"file\":\"2019_Annemarie-Jaeggi_c_Catrin-Schmitt-1.jpg\",\"width\":6000,\"height\":4000}},\n\"alt\" : \"Dr. Annemarie Jaeggi steht l\\u00e4chelnd und mit verschr\\u00e4nkten Armen in einem Ausstellungsraum.\",\n\"path\" : \"\\\/wp-content\\\/uploads\\\/2025\\\/04\\\/\",\n\"video\" : null,\n\"autoplay\" : null,\n\"youtube\" : null,\n\"youtubelabel\" : \"play\",\n\"brightness\" : 100,\n\"crop\" : {\"x\":0.5,\"y\":0.5},\n\"background\" : true,\n\"scale\" : 1,\n\"zoom\" : false,\n\"annotations\" : null}<\/script>\n<div class=\"height-container  height-container-mobile\" style=\"padding-bottom:100%; --padding-bottom-mobile:100%  \">\n\t<div class=\"height-container-contents lazy-media-contents\">\n\t\n\t<div class=\"lazy-media-preview\" style=\"background-image: url('data:image\/jpeg;base64,\/9j\/4AAQSkZJRgABAQEAYABgAAD\/\/gA7Q1JFQVRPUjogZ2QtanBlZyB2MS4wICh1c2luZyBJSkcgSlBFRyB2NjIpLCBxdWFsaXR5ID0gOTAK\/9sAQwADAgIDAgIDAwMDBAMDBAUIBQUEBAUKBwcGCAwKDAwLCgsLDQ4SEA0OEQ4LCxAWEBETFBUVFQwPFxgWFBgSFBUU\/9sAQwEDBAQFBAUJBQUJFA0LDRQUFBQUFBQUFBQUFBQUFBQUFBQUFBQUFBQUFBQUFBQUFBQUFBQUFBQUFBQUFBQUFBQU\/8AAEQgADwAYAwEiAAIRAQMRAf\/EAB8AAAEFAQEBAQEBAAAAAAAAAAABAgMEBQYHCAkKC\/\/EALUQAAIBAwMCBAMFBQQEAAABfQECAwAEEQUSITFBBhNRYQcicRQygZGhCCNCscEVUtHwJDNicoIJChYXGBkaJSYnKCkqNDU2Nzg5OkNERUZHSElKU1RVVldYWVpjZGVmZ2hpanN0dXZ3eHl6g4SFhoeIiYqSk5SVlpeYmZqio6Slpqeoqaqys7S1tre4ubrCw8TFxsfIycrS09TV1tfY2drh4uPk5ebn6Onq8fLz9PX29\/j5+v\/EAB8BAAMBAQEBAQEBAQEAAAAAAAABAgMEBQYHCAkKC\/\/EALURAAIBAgQEAwQHBQQEAAECdwABAgMRBAUhMQYSQVEHYXETIjKBCBRCkaGxwQkjM1LwFWJy0QoWJDThJfEXGBkaJicoKSo1Njc4OTpDREVGR0hJSlNUVVZXWFlaY2RlZmdoaWpzdHV2d3h5eoKDhIWGh4iJipKTlJWWl5iZmqKjpKWmp6ipqrKztLW2t7i5usLDxMXGx8jJytLT1NXW19jZ2uLj5OXm5+jp6vLz9PX29\/j5+v\/aAAwDAQACEQMRAD8AwPh38IdGt7F9Zm1OG1WGE3GW6bR\/Efavff2aPj5pXiDVp\/DGpeMNL1S5lUDT7a24bjqPfivljSviu8vgbU9PudhSSxkiCrF2x0zXzx+yNf293+0H4VtoLUWt0momf7XGx3BV\/gx6GuFR5tex2XUU4tbn7VeJfDyz2crbSD2oqjrXjlXtiFU9PSinzJEOLZ\/\/2Q=='); background-position: 50% 50%; height: 100%; width: 100%;\"><\/div>\n\n\t\t<lazy-media-inline inline-template>\n\t\t<div>\n\t\t\t<lazy-media :inline=\"true\" :alt=\"alt\" :sizes=\"sizes\" :scale=\"scale\" :zoom=\"zoom\" :brightness=\"brightness\" :path=\"path\" :video=\"video\" :autoplay=\"autoplay\" :youtube=\"youtube\" :crop=\"crop\" :youtubelabel=\"youtubelabel\" :annotations=\"annotations\" :background=\"background\" v-if=\"sizes\"><\/lazy-media>\n\t\t<\/div>\n\t<\/lazy-media-inline>\n\t\t\t<\/div>\n<\/div>\n\n\n\n\n\n\n<\/figure>\n\n\t\t<\/div>\n<\/div>\n\n\n\n\n<div  class='col col-md-10 col-xs-10 col-md-offset-1 col-xs-offset-1'>\n\n<div  class='margin-bottom-4 text-align-center'>\t<p class='ho-sd-metadata'>Annemarie Jaeggi has been director of the Bauhaus-Archiv \/ Museum f\u00fcr Gestaltung in Berlin since 2003. Until 2021, she was working as private docent at the Technische Universit\u00e4t Berlin and at the Accademia di Architettura in Mendrisio\/Switzerland. She is, among others, founding member of the Deutsche Gesellschaft f\u00fcr Designgeschichte (German Society for the History of Design) and member of the executive board of the Rat f\u00fcr Formgebung \/ German Design Council. She is the author of numerous publications, e.g. about Adolf Meyer, Egon Eiermann or the Fagus factory.<\/p>\n<\/div>\n<\/div>\n<\/div>\n<\/div>\n<\/div>\n<\/div>\n<\/div>\n<\/div>\n<\/div>\n<\/div>\n<\/section>\n\n<section class='wp-block-ho-pattern toggle-optional-headline' data-pattern='ho\/teaser-magazin-lane-4er-option-headline'>\n\n<div  class='margin-bottom-7'>\n\n<div  class='ho-pattern-optional-headline'>\n\n<div  class='container-fluid'>\n\n<div  class='row'>\n\n<div  class='col col-xs-12'>\n\n<div  class='margin-bottom-4'>\n<h3 class='ho-sd-h5' style=\"white-space: normal;\">Lorem ipsum dolor sit<\/h3>\n<\/div>\n<\/div>\n<\/div>\n<\/div>\n<\/div>\n\n\n\t\t<ho-lane inline-template>\n\t\t\t<div class=\"wp-block-ho-lane-wrapper\" data-orientation=\"horizontal\" data-infinity-loop=\"null\" data-lane-item-count=\"4\">\n\t\t\t\t<div class=\"wp-block-ho-lane-controls web-view\" data-slot=\"buttons-oben\" v-if=\"scrollable\">\n\t<div class=\"wp-block-ho-lane-controls-row\">\n\t\t<div class=\"wp-block-ho-lane-controls-col ho-button-group padding-top-1\">\n\t\t\t<button type=\"button\" class=\"ho-button is-primary is-icon\" :disabled=\"!showPrev\" @click=\"prev\" aria-label=\"Vorheriges Element\">\n\t\t\t\t<span class=\"ho-button-icon icon-arrow-lane-left\" aria-hidden=\"true\"><\/span>\n\t\t\t\t<span class=\"ho-button-label\"><\/span>\n\t\t\t<\/button>&nbsp;<button type=\"button\" class=\"ho-button is-primary is-icon\" :disabled=\"!showNext\" @click=\"next\" aria-label=\"N\u00e4chstes Element\">\n\t\t\t\t<span class=\"ho-button-icon icon-arrow-lane-right\" aria-hidden=\"true\"><\/span>\n\t\t\t\t<span class=\"ho-button-label\"><\/span>\n\t\t\t<\/button>\n\t\t<\/div>\n\t<\/div>\n<\/div>\t\t\t\t\t\t\t\t<ul class=\"wp-block wp-block-ho-lane cf-gutter-5 cf-side-5 cf-rem-max-width\" :class=\"{'scroll-disabled' : !scrollable}\" data-slot=\"buttons-oben-desktop\" tabindex=\"-1\">\n\t\t\t\t\n<li class=\"wp-block-ho-lane-item col col-md-3-5 col-xs-8\"><a href=\"https:\/\/www.bauhaus.de\/en\/discover\/article\/volker-staab-what-bauhaus-themes-might-still-be-relevant-today\/\" class=\"wp-block-ho-teaser teaser teaser-magazine-article \">\n\t\n\n<div  class='margin-bottom-4'><div class=\"wp-block-ho-post-image \"><figure itemscope itemtype=\"http:\/\/schema.org\/ImageObject\" class=\"lazy-media-inline \" role=\"group\" aria-describedby=\"media_69f3c9eada23b\">\n<script type=\"application\/json\">{\n\"id\" : 359,\n\"sizes\" : {\"medium\":{\"file\":\"Volker-Staab_c_Jan-Kopetzky-300x229.jpg\",\"width\":300,\"height\":229,\"mime-type\":\"image\\\/jpeg\",\"filesize\":8191},\"large\":{\"file\":\"Volker-Staab_c_Jan-Kopetzky-1024x783.jpg\",\"width\":1024,\"height\":783,\"mime-type\":\"image\\\/jpeg\",\"filesize\":56760},\"medium_large\":{\"file\":\"Volker-Staab_c_Jan-Kopetzky-768x587.jpg\",\"width\":768,\"height\":587,\"mime-type\":\"image\\\/jpeg\",\"filesize\":34431},\"1536x1536\":{\"file\":\"Volker-Staab_c_Jan-Kopetzky-1536x1174.jpg\",\"width\":1536,\"height\":1174,\"mime-type\":\"image\\\/jpeg\",\"filesize\":121108},\"2048x2048\":{\"file\":\"Volker-Staab_c_Jan-Kopetzky-2048x1565.jpg\",\"width\":2048,\"height\":1565,\"mime-type\":\"image\\\/jpeg\",\"filesize\":210102},\"small\":{\"file\":\"Volker-Staab_c_Jan-Kopetzky-440x336.jpg\",\"width\":440,\"height\":336,\"mime-type\":\"image\\\/jpeg\",\"filesize\":13821},\"semi\":{\"file\":\"Volker-Staab_c_Jan-Kopetzky-580x443.jpg\",\"width\":580,\"height\":443,\"mime-type\":\"image\\\/jpeg\",\"filesize\":21606},\"mobile\":{\"file\":\"Volker-Staab_c_Jan-Kopetzky-720x550.jpg\",\"width\":720,\"height\":550,\"mime-type\":\"image\\\/jpeg\",\"filesize\":30676},\"hd\":{\"file\":\"Volker-Staab_c_Jan-Kopetzky-1280x978.jpg\",\"width\":1280,\"height\":978,\"mime-type\":\"image\\\/jpeg\",\"filesize\":86156},\"full\":{\"file\":\"Volker-Staab_c_Jan-Kopetzky-1920x1467.jpg\",\"width\":1920,\"height\":1467,\"mime-type\":\"image\\\/jpeg\",\"filesize\":185898},\"original\":{\"file\":\"Volker-Staab_c_Jan-Kopetzky.jpg\",\"width\":3003,\"height\":2295}},\n\"alt\" : \"Portrait of a man with a narrow face, wearing a black sweater and scarf, against a light background.\",\n\"path\" : \"\\\/wp-content\\\/uploads\\\/2025\\\/04\\\/\",\n\"video\" : null,\n\"autoplay\" : null,\n\"youtube\" : null,\n\"youtubelabel\" : \"play\",\n\"brightness\" : 100,\n\"crop\" : null,\n\"background\" : false,\n\"scale\" : 1,\n\"zoom\" : false,\n\"annotations\" : null}<\/script>\n<div class=\"height-container \" style=\"padding-bottom:76.423576423576%;   \">\n\t<div class=\"height-container-contents lazy-media-contents\">\n\t\n\t<div class=\"lazy-media-preview\" style=\"background-image: url('data:image\/jpeg;base64,\/9j\/4AAQSkZJRgABAQEAYABgAAD\/\/gA7Q1JFQVRPUjogZ2QtanBlZyB2MS4wICh1c2luZyBJSkcgSlBFRyB2NjIpLCBxdWFsaXR5ID0gOTAK\/9sAQwADAgIDAgIDAwMDBAMDBAUIBQUEBAUKBwcGCAwKDAwLCgsLDQ4SEA0OEQ4LCxAWEBETFBUVFQwPFxgWFBgSFBUU\/9sAQwEDBAQFBAUJBQUJFA0LDRQUFBQUFBQUFBQUFBQUFBQUFBQUFBQUFBQUFBQUFBQUFBQUFBQUFBQUFBQUFBQUFBQU\/8AAEQgAEgAYAwEiAAIRAQMRAf\/EAB8AAAEFAQEBAQEBAAAAAAAAAAABAgMEBQYHCAkKC\/\/EALUQAAIBAwMCBAMFBQQEAAABfQECAwAEEQUSITFBBhNRYQcicRQygZGhCCNCscEVUtHwJDNicoIJChYXGBkaJSYnKCkqNDU2Nzg5OkNERUZHSElKU1RVVldYWVpjZGVmZ2hpanN0dXZ3eHl6g4SFhoeIiYqSk5SVlpeYmZqio6Slpqeoqaqys7S1tre4ubrCw8TFxsfIycrS09TV1tfY2drh4uPk5ebn6Onq8fLz9PX29\/j5+v\/EAB8BAAMBAQEBAQEBAQEAAAAAAAABAgMEBQYHCAkKC\/\/EALURAAIBAgQEAwQHBQQEAAECdwABAgMRBAUhMQYSQVEHYXETIjKBCBRCkaGxwQkjM1LwFWJy0QoWJDThJfEXGBkaJicoKSo1Njc4OTpDREVGR0hJSlNUVVZXWFlaY2RlZmdoaWpzdHV2d3h5eoKDhIWGh4iJipKTlJWWl5iZmqKjpKWmp6ipqrKztLW2t7i5usLDxMXGx8jJytLT1NXW19jZ2uLj5OXm5+jp6vLz9PX29\/j5+v\/aAAwDAQACEQMRAD8A++dQ0nTtB0K9vo8zNbxM4QDqRXlPh7xffJ4i0pLq4+322pSbZYUiI+z56YNan7Q\/7Tfgz9njwcNQ12X7ZPdho7WygwzStj+VfmrqX\/BSDxL\/AG5p99pGjW9k1vdGaRWbKyR54THbispUpXXKdFOcOWXPv0P2CvdB0wQuCx6elFfOv7JH7ZWn\/tS6bqsEul\/2LrGnqrSQb9yyKf4lorX2SOfnaPiH\/gpkzf2h4HXJ2\/ZWOM8Zr4iWiit49fVkH3L\/AMEn3YfFfxENxwdOPGfeiiitCep\/\/9k='); background-position: 50% 50%; height: 100%; width: 100%;\"><\/div>\n\n\t\n<div class=\"lazy-media loaded\">\n\t<img decoding=\"async\" src=\"https:\/\/www.bauhaus.de\/wp-content\/uploads\/2025\/04\/Volker-Staab_c_Jan-Kopetzky-1920x1467.jpg\" srcset=\"https:\/\/www.bauhaus.de\/wp-content\/uploads\/2025\/04\/Volker-Staab_c_Jan-Kopetzky-1920x1467.jpg 1920w, https:\/\/www.bauhaus.de\/wp-content\/uploads\/2025\/04\/Volker-Staab_c_Jan-Kopetzky-300x229.jpg 300w, https:\/\/www.bauhaus.de\/wp-content\/uploads\/2025\/04\/Volker-Staab_c_Jan-Kopetzky-1024x783.jpg 1024w, https:\/\/www.bauhaus.de\/wp-content\/uploads\/2025\/04\/Volker-Staab_c_Jan-Kopetzky-768x587.jpg 768w, https:\/\/www.bauhaus.de\/wp-content\/uploads\/2025\/04\/Volker-Staab_c_Jan-Kopetzky-1536x1174.jpg 1536w, https:\/\/www.bauhaus.de\/wp-content\/uploads\/2025\/04\/Volker-Staab_c_Jan-Kopetzky-2048x1565.jpg 2048w, https:\/\/www.bauhaus.de\/wp-content\/uploads\/2025\/04\/Volker-Staab_c_Jan-Kopetzky-440x336.jpg 440w, https:\/\/www.bauhaus.de\/wp-content\/uploads\/2025\/04\/Volker-Staab_c_Jan-Kopetzky-580x443.jpg 580w, https:\/\/www.bauhaus.de\/wp-content\/uploads\/2025\/04\/Volker-Staab_c_Jan-Kopetzky-720x550.jpg 720w, https:\/\/www.bauhaus.de\/wp-content\/uploads\/2025\/04\/Volker-Staab_c_Jan-Kopetzky-1280x978.jpg 1280w\" sizes=\"(max-width: 763px) 100vw, (min-width: 764px) and (max-width: 1023px) 100vw, (min-width: 1024px) 100vw\" alt=\"Portrait of a man with a narrow face, wearing a black sweater and scarf, against a light background.\" loading=\"lazy\" \/>\n<\/div>\t\t<\/div>\n<\/div>\n\n\n\n\n\n\n<\/figure>\n\n\t\t<\/div>\n<\/div>\n\n\n<div  class='margin-bottom-5'>\n\n<div  class='container-fluid cf-side-1 cf-gutter-1'>\n\n<div  class='row'>\n\n<div  class='col col-xs-12 margin-bottom-3'><h3 class=\"ho-sd-teaser-headline-medium\">Volker Staab, what Bauhaus themes might still be relevant today?<\/h3><\/div>\n<\/div>\n\n\n\n\n<div  class='row'>\n\n<div  class='col col-xs-12'><div class=\"wp-block-ho-slot \"><div class=\"wp-block-ho-div mobile-padding-top-2\"><div class=\"ho-tag-group flex-align-center-left\"><div class=\"ho-tag is-text\"><span class=\"ho-tag-label\">Architecture<\/span><\/div><\/div><\/div><\/div>\n<\/div>\n<\/div>\n<\/div>\n<\/div>\n<\/a><\/li>\n\n\n<li class=\"wp-block-ho-lane-item col col-md-3-5 col-xs-8\"><a href=\"https:\/\/www.bauhaus.de\/en\/entdecken\/artikel\/volker-staabs-entwurf-fur-das-bauhaus-archiv-ist-ein-gluck-fur-berlin\/\" class=\"wp-block-ho-teaser teaser teaser-magazine-article \">\n\t\n\n<div  class='margin-bottom-4'><div class=\"wp-block-ho-post-image \"><figure itemscope itemtype=\"http:\/\/schema.org\/ImageObject\" class=\"lazy-media-inline \" role=\"group\" aria-describedby=\"media_69f3c9eadc865\">\n<script type=\"application\/json\">{\n\"id\" : 362,\n\"sizes\" : {\"medium\":{\"file\":\"Erster-Preis_Staab-Architekten-GmbH_Berlin_c_Volker-Staab-1-300x200.jpg\",\"width\":300,\"height\":200,\"mime-type\":\"image\\\/jpeg\",\"filesize\":14946},\"large\":{\"file\":\"Erster-Preis_Staab-Architekten-GmbH_Berlin_c_Volker-Staab-1-1024x684.jpg\",\"width\":1024,\"height\":684,\"mime-type\":\"image\\\/jpeg\",\"filesize\":86090},\"medium_large\":{\"file\":\"Erster-Preis_Staab-Architekten-GmbH_Berlin_c_Volker-Staab-1-768x513.jpg\",\"width\":768,\"height\":513,\"mime-type\":\"image\\\/jpeg\",\"filesize\":57428},\"1536x1536\":{\"file\":\"Erster-Preis_Staab-Architekten-GmbH_Berlin_c_Volker-Staab-1-1536x1025.jpg\",\"width\":1536,\"height\":1025,\"mime-type\":\"image\\\/jpeg\",\"filesize\":155136},\"2048x2048\":{\"file\":\"Erster-Preis_Staab-Architekten-GmbH_Berlin_c_Volker-Staab-1-2048x1367.jpg\",\"width\":2048,\"height\":1367,\"mime-type\":\"image\\\/jpeg\",\"filesize\":239245},\"small\":{\"file\":\"Erster-Preis_Staab-Architekten-GmbH_Berlin_c_Volker-Staab-1-440x294.jpg\",\"width\":440,\"height\":294,\"mime-type\":\"image\\\/jpeg\",\"filesize\":25840},\"semi\":{\"file\":\"Erster-Preis_Staab-Architekten-GmbH_Berlin_c_Volker-Staab-1-580x387.jpg\",\"width\":580,\"height\":387,\"mime-type\":\"image\\\/jpeg\",\"filesize\":38708},\"mobile\":{\"file\":\"Erster-Preis_Staab-Architekten-GmbH_Berlin_c_Volker-Staab-1-720x481.jpg\",\"width\":720,\"height\":481,\"mime-type\":\"image\\\/jpeg\",\"filesize\":52333},\"hd\":{\"file\":\"Erster-Preis_Staab-Architekten-GmbH_Berlin_c_Volker-Staab-1-1280x855.jpg\",\"width\":1280,\"height\":855,\"mime-type\":\"image\\\/jpeg\",\"filesize\":118294},\"full\":{\"file\":\"Erster-Preis_Staab-Architekten-GmbH_Berlin_c_Volker-Staab-1-1920x1282.jpg\",\"width\":1920,\"height\":1282,\"mime-type\":\"image\\\/jpeg\",\"filesize\":217051},\"original\":{\"file\":\"Erster-Preis_Staab-Architekten-GmbH_Berlin_c_Volker-Staab-1.jpg\",\"width\":3544,\"height\":2366}},\n\"alt\" : \"Architekturmodell mit wei\\u00dfen Geb\\u00e4uden, B\\u00e4umen und einem Fluss in minimalistischer Gestaltung.\",\n\"path\" : \"\\\/wp-content\\\/uploads\\\/2025\\\/04\\\/\",\n\"video\" : null,\n\"autoplay\" : null,\n\"youtube\" : null,\n\"youtubelabel\" : \"play\",\n\"brightness\" : 100,\n\"crop\" : null,\n\"background\" : false,\n\"scale\" : 1,\n\"zoom\" : false,\n\"annotations\" : null}<\/script>\n<div class=\"height-container \" style=\"padding-bottom:66.76072234763%;   \">\n\t<div class=\"height-container-contents lazy-media-contents\">\n\t\n\t<div class=\"lazy-media-preview\" style=\"background-image: url('data:image\/jpeg;base64,\/9j\/4AAQSkZJRgABAQEAYABgAAD\/\/gA7Q1JFQVRPUjogZ2QtanBlZyB2MS4wICh1c2luZyBJSkcgSlBFRyB2NjIpLCBxdWFsaXR5ID0gOTAK\/9sAQwADAgIDAgIDAwMDBAMDBAUIBQUEBAUKBwcGCAwKDAwLCgsLDQ4SEA0OEQ4LCxAWEBETFBUVFQwPFxgWFBgSFBUU\/9sAQwEDBAQFBAUJBQUJFA0LDRQUFBQUFBQUFBQUFBQUFBQUFBQUFBQUFBQUFBQUFBQUFBQUFBQUFBQUFBQUFBQUFBQU\/8AAEQgAEAAYAwEiAAIRAQMRAf\/EAB8AAAEFAQEBAQEBAAAAAAAAAAABAgMEBQYHCAkKC\/\/EALUQAAIBAwMCBAMFBQQEAAABfQECAwAEEQUSITFBBhNRYQcicRQygZGhCCNCscEVUtHwJDNicoIJChYXGBkaJSYnKCkqNDU2Nzg5OkNERUZHSElKU1RVVldYWVpjZGVmZ2hpanN0dXZ3eHl6g4SFhoeIiYqSk5SVlpeYmZqio6Slpqeoqaqys7S1tre4ubrCw8TFxsfIycrS09TV1tfY2drh4uPk5ebn6Onq8fLz9PX29\/j5+v\/EAB8BAAMBAQEBAQEBAQEAAAAAAAABAgMEBQYHCAkKC\/\/EALURAAIBAgQEAwQHBQQEAAECdwABAgMRBAUhMQYSQVEHYXETIjKBCBRCkaGxwQkjM1LwFWJy0QoWJDThJfEXGBkaJicoKSo1Njc4OTpDREVGR0hJSlNUVVZXWFlaY2RlZmdoaWpzdHV2d3h5eoKDhIWGh4iJipKTlJWWl5iZmqKjpKWmp6ipqrKztLW2t7i5usLDxMXGx8jJytLT1NXW19jZ2uLj5OXm5+jp6vLz9PX29\/j5+v\/aAAwDAQACEQMRAD8A+lfgl4JuPDmjnS9TkW5vEBldrYja3tXobzppcTXNjpYubduuAQ+fevKvCPg7UxJP4h1WafwVqUkgjtyk3mJMWPRlNdtrWr\/EPwQFku9Ph8Q2LLn7RYjDAe60nrqJO2hzviO41XUryxW30tJIROWvAqcxr2HvRTp\/2oPA9vMkOp29zY3IBaUyptKFexoosw5l3P\/Z'); background-position: 50% 50%; height: 100%; width: 100%;\"><\/div>\n\n\t\n<div class=\"lazy-media loaded\">\n\t<img decoding=\"async\" src=\"https:\/\/www.bauhaus.de\/wp-content\/uploads\/2025\/04\/Erster-Preis_Staab-Architekten-GmbH_Berlin_c_Volker-Staab-1-1920x1282.jpg\" srcset=\"https:\/\/www.bauhaus.de\/wp-content\/uploads\/2025\/04\/Erster-Preis_Staab-Architekten-GmbH_Berlin_c_Volker-Staab-1-1920x1282.jpg 1920w, https:\/\/www.bauhaus.de\/wp-content\/uploads\/2025\/04\/Erster-Preis_Staab-Architekten-GmbH_Berlin_c_Volker-Staab-1-300x200.jpg 300w, https:\/\/www.bauhaus.de\/wp-content\/uploads\/2025\/04\/Erster-Preis_Staab-Architekten-GmbH_Berlin_c_Volker-Staab-1-1024x684.jpg 1024w, https:\/\/www.bauhaus.de\/wp-content\/uploads\/2025\/04\/Erster-Preis_Staab-Architekten-GmbH_Berlin_c_Volker-Staab-1-768x513.jpg 768w, https:\/\/www.bauhaus.de\/wp-content\/uploads\/2025\/04\/Erster-Preis_Staab-Architekten-GmbH_Berlin_c_Volker-Staab-1-1536x1025.jpg 1536w, https:\/\/www.bauhaus.de\/wp-content\/uploads\/2025\/04\/Erster-Preis_Staab-Architekten-GmbH_Berlin_c_Volker-Staab-1-2048x1367.jpg 2048w, https:\/\/www.bauhaus.de\/wp-content\/uploads\/2025\/04\/Erster-Preis_Staab-Architekten-GmbH_Berlin_c_Volker-Staab-1-440x294.jpg 440w, https:\/\/www.bauhaus.de\/wp-content\/uploads\/2025\/04\/Erster-Preis_Staab-Architekten-GmbH_Berlin_c_Volker-Staab-1-580x387.jpg 580w, https:\/\/www.bauhaus.de\/wp-content\/uploads\/2025\/04\/Erster-Preis_Staab-Architekten-GmbH_Berlin_c_Volker-Staab-1-720x481.jpg 720w, https:\/\/www.bauhaus.de\/wp-content\/uploads\/2025\/04\/Erster-Preis_Staab-Architekten-GmbH_Berlin_c_Volker-Staab-1-1280x855.jpg 1280w\" sizes=\"(max-width: 763px) 100vw, (min-width: 764px) and (max-width: 1023px) 100vw, (min-width: 1024px) 100vw\" alt=\"Architekturmodell mit wei\u00dfen Geb\u00e4uden, B\u00e4umen und einem Fluss in minimalistischer Gestaltung.\" loading=\"lazy\" \/>\n<\/div>\t\t<\/div>\n<\/div>\n\n\n\n\n\n\n<\/figure>\n\n\t\t<\/div>\n<\/div>\n\n\n<div  class='margin-bottom-5'>\n\n<div  class='container-fluid cf-side-1 cf-gutter-1'>\n\n<div  class='row'>\n\n<div  class='col col-xs-12 margin-bottom-3'><h3 class=\"ho-sd-teaser-headline-medium\">Volker Staabs Entwurf f\u00fcr das Bauhaus-Archiv ist \u201eein Gl\u00fcck\u201c f\u00fcr Berlin<\/h3><\/div>\n<\/div>\n\n\n\n\n<div  class='row'>\n\n<div  class='col col-xs-12'><div class=\"wp-block-ho-slot \"><div class=\"wp-block-ho-div mobile-padding-top-2\"><div class=\"ho-tag-group flex-align-center-left\"><div class=\"ho-tag is-text\"><span class=\"ho-tag-label\">Architektur<\/span><\/div><\/div><\/div><\/div>\n<\/div>\n<\/div>\n<\/div>\n<\/div>\n<\/a><\/li>\n\n\n<li class=\"wp-block-ho-lane-item col col-md-3-5 col-xs-8\"><a href=\"https:\/\/www.bauhaus.de\/en\/entdecken\/artikel\/outreach-was-das-heisst-und-wie-wir-outreach-am-bauhaus-archiv-umsetzen\/\" class=\"wp-block-ho-teaser teaser teaser-magazine-article \">\n\t\n\n<div  class='margin-bottom-4'><div class=\"wp-block-ho-post-image \"><figure itemscope itemtype=\"http:\/\/schema.org\/ImageObject\" class=\"lazy-media-inline \" role=\"group\" aria-describedby=\"media_69f3c9eadecce\">\n<script type=\"application\/json\">{\n\"id\" : 587,\n\"sizes\" : {\"medium\":{\"file\":\"202203_Friederike-Hollaender_c_Robert-Rieger-18-225x300.jpg\",\"width\":225,\"height\":300,\"mime-type\":\"image\\\/jpeg\",\"filesize\":10386},\"large\":{\"file\":\"202203_Friederike-Hollaender_c_Robert-Rieger-18-768x1024.jpg\",\"width\":768,\"height\":1024,\"mime-type\":\"image\\\/jpeg\",\"filesize\":62703},\"medium_large\":{\"file\":\"202203_Friederike-Hollaender_c_Robert-Rieger-18-768x1024.jpg\",\"width\":768,\"height\":1024,\"mime-type\":\"image\\\/jpeg\",\"filesize\":62703},\"1536x1536\":{\"file\":\"202203_Friederike-Hollaender_c_Robert-Rieger-18-1152x1536.jpg\",\"width\":1152,\"height\":1536,\"mime-type\":\"image\\\/jpeg\",\"filesize\":119033},\"2048x2048\":{\"file\":\"202203_Friederike-Hollaender_c_Robert-Rieger-18-1536x2048.jpg\",\"width\":1536,\"height\":2048,\"mime-type\":\"image\\\/jpeg\",\"filesize\":187675},\"small\":{\"file\":\"202203_Friederike-Hollaender_c_Robert-Rieger-18-330x440.jpg\",\"width\":330,\"height\":440,\"mime-type\":\"image\\\/jpeg\",\"filesize\":17797},\"semi\":{\"file\":\"202203_Friederike-Hollaender_c_Robert-Rieger-18-435x580.jpg\",\"width\":435,\"height\":580,\"mime-type\":\"image\\\/jpeg\",\"filesize\":26581},\"mobile\":{\"file\":\"202203_Friederike-Hollaender_c_Robert-Rieger-18-540x720.jpg\",\"width\":540,\"height\":720,\"mime-type\":\"image\\\/jpeg\",\"filesize\":36602},\"hd\":{\"file\":\"202203_Friederike-Hollaender_c_Robert-Rieger-18-960x1280.jpg\",\"width\":960,\"height\":1280,\"mime-type\":\"image\\\/jpeg\",\"filesize\":89337},\"full\":{\"file\":\"202203_Friederike-Hollaender_c_Robert-Rieger-18-1440x1920.jpg\",\"width\":1440,\"height\":1920,\"mime-type\":\"image\\\/jpeg\",\"filesize\":169686},\"original\":{\"file\":\"202203_Friederike-Hollaender_c_Robert-Rieger-18.jpg\",\"width\":1875,\"height\":2500}},\n\"alt\" : \"Foto einer Frau mit Brille, die aufmerksam das wei\\u00dfe Architekturmodell des Neubaus betrachtet.\",\n\"path\" : \"\\\/wp-content\\\/uploads\\\/2025\\\/04\\\/\",\n\"video\" : null,\n\"autoplay\" : null,\n\"youtube\" : null,\n\"youtubelabel\" : \"play\",\n\"brightness\" : 100,\n\"crop\" : null,\n\"background\" : false,\n\"scale\" : 1,\n\"zoom\" : false,\n\"annotations\" : null}<\/script>\n<div class=\"height-container \" style=\"padding-bottom:133.33333333333%;   \">\n\t<div class=\"height-container-contents lazy-media-contents\">\n\t\n\t<div class=\"lazy-media-preview\" style=\"background-image: url('data:image\/jpeg;base64,\/9j\/4AAQSkZJRgABAQEAYABgAAD\/\/gA7Q1JFQVRPUjogZ2QtanBlZyB2MS4wICh1c2luZyBJSkcgSlBFRyB2NjIpLCBxdWFsaXR5ID0gOTAK\/9sAQwADAgIDAgIDAwMDBAMDBAUIBQUEBAUKBwcGCAwKDAwLCgsLDQ4SEA0OEQ4LCxAWEBETFBUVFQwPFxgWFBgSFBUU\/9sAQwEDBAQFBAUJBQUJFA0LDRQUFBQUFBQUFBQUFBQUFBQUFBQUFBQUFBQUFBQUFBQUFBQUFBQUFBQUFBQUFBQUFBQU\/8AAEQgAIAAYAwEiAAIRAQMRAf\/EAB8AAAEFAQEBAQEBAAAAAAAAAAABAgMEBQYHCAkKC\/\/EALUQAAIBAwMCBAMFBQQEAAABfQECAwAEEQUSITFBBhNRYQcicRQygZGhCCNCscEVUtHwJDNicoIJChYXGBkaJSYnKCkqNDU2Nzg5OkNERUZHSElKU1RVVldYWVpjZGVmZ2hpanN0dXZ3eHl6g4SFhoeIiYqSk5SVlpeYmZqio6Slpqeoqaqys7S1tre4ubrCw8TFxsfIycrS09TV1tfY2drh4uPk5ebn6Onq8fLz9PX29\/j5+v\/EAB8BAAMBAQEBAQEBAQEAAAAAAAABAgMEBQYHCAkKC\/\/EALURAAIBAgQEAwQHBQQEAAECdwABAgMRBAUhMQYSQVEHYXETIjKBCBRCkaGxwQkjM1LwFWJy0QoWJDThJfEXGBkaJicoKSo1Njc4OTpDREVGR0hJSlNUVVZXWFlaY2RlZmdoaWpzdHV2d3h5eoKDhIWGh4iJipKTlJWWl5iZmqKjpKWmp6ipqrKztLW2t7i5usLDxMXGx8jJytLT1NXW19jZ2uLj5OXm5+jp6vLz9PX29\/j5+v\/aAAwDAQACEQMRAD8A+BL7Wbq++JJg85miE+wEc7V71+gXwO+Bfgn4i+FrsP4jnvYZNhmWOMxBSO2T1r4M+AunWvif4j2Md8skwuLlUdh6E81+k+v+C7zQPh3ren+FopcoiiKG2jO4fTFfP4ir7Oago3PfwuG9tTlUcrHZ6H8Fvhj4BgRYbS3bb\/HcSb8mivi650f4z6fLMLXTtanXeoVZYywA79aKT9r9lI5k6f2mzw7wF8G\/i54O1SK\/0nwzdR3MbqyPIvQivvX9mbxl8arQ6neeOLKK6iPlxQWpKptyeWJFfSDfBQRsCNYuyPRQOa1dO+GFrZRyiS5nlVyGKt7Vo\/rMmnJROhLDQi4qUi1\/aMF7NHCH8ud13bB+tFVobS3h1dW+bzYwQvpiiuxNnmtJn\/\/Z'); background-position: 50% 50%; height: 100%; width: 100%;\"><\/div>\n\n\t\n<div class=\"lazy-media loaded\">\n\t<img decoding=\"async\" src=\"https:\/\/www.bauhaus.de\/wp-content\/uploads\/2025\/04\/202203_Friederike-Hollaender_c_Robert-Rieger-18-1440x1920.jpg\" srcset=\"https:\/\/www.bauhaus.de\/wp-content\/uploads\/2025\/04\/202203_Friederike-Hollaender_c_Robert-Rieger-18-1440x1920.jpg 1440w, https:\/\/www.bauhaus.de\/wp-content\/uploads\/2025\/04\/202203_Friederike-Hollaender_c_Robert-Rieger-18-225x300.jpg 225w, https:\/\/www.bauhaus.de\/wp-content\/uploads\/2025\/04\/202203_Friederike-Hollaender_c_Robert-Rieger-18-768x1024.jpg 768w, https:\/\/www.bauhaus.de\/wp-content\/uploads\/2025\/04\/202203_Friederike-Hollaender_c_Robert-Rieger-18-1152x1536.jpg 1152w, https:\/\/www.bauhaus.de\/wp-content\/uploads\/2025\/04\/202203_Friederike-Hollaender_c_Robert-Rieger-18-1536x2048.jpg 1536w, https:\/\/www.bauhaus.de\/wp-content\/uploads\/2025\/04\/202203_Friederike-Hollaender_c_Robert-Rieger-18-330x440.jpg 330w, https:\/\/www.bauhaus.de\/wp-content\/uploads\/2025\/04\/202203_Friederike-Hollaender_c_Robert-Rieger-18-435x580.jpg 435w, https:\/\/www.bauhaus.de\/wp-content\/uploads\/2025\/04\/202203_Friederike-Hollaender_c_Robert-Rieger-18-540x720.jpg 540w, https:\/\/www.bauhaus.de\/wp-content\/uploads\/2025\/04\/202203_Friederike-Hollaender_c_Robert-Rieger-18-960x1280.jpg 960w, https:\/\/www.bauhaus.de\/wp-content\/uploads\/2025\/04\/202203_Friederike-Hollaender_c_Robert-Rieger-18.jpg 1875w\" sizes=\"(max-width: 763px) 100vw, (min-width: 764px) and (max-width: 1023px) 100vw, (min-width: 1024px) 100vw\" alt=\"Foto einer Frau mit Brille, die aufmerksam das wei\u00dfe Architekturmodell des Neubaus betrachtet.\" loading=\"lazy\" \/>\n<\/div>\t\t<\/div>\n<\/div>\n\n\n\n\n\n\n<\/figure>\n\n\t\t<\/div>\n<\/div>\n\n\n<div  class='margin-bottom-5'>\n\n<div  class='container-fluid cf-side-1 cf-gutter-1'>\n\n<div  class='row'>\n\n<div  class='col col-xs-12 margin-bottom-3'><h3 class=\"ho-sd-teaser-headline-medium\">Outreach: Was das hei\u00dft und wie wir Outreach am Bauhaus-Archiv umsetzen<\/h3><\/div>\n<\/div>\n\n\n\n\n<div  class='row'>\n\n<div  class='col col-xs-12'><div class=\"wp-block-ho-slot \"><div class=\"wp-block-ho-div mobile-padding-top-2\"><div class=\"ho-tag-group flex-align-center-left\"><div class=\"ho-tag is-text\"><span class=\"ho-tag-label\">Backstage<\/span><\/div><div class=\"ho-tag is-text\"><span class=\"ho-tag-label\">Vermittlung<\/span><\/div><\/div><\/div><\/div>\n<\/div>\n<\/div>\n<\/div>\n<\/div>\n<\/a><\/li>\n\n\n<li class=\"wp-block-ho-lane-item col col-md-3-5 col-xs-8\"><\/li>\n\n\t\t\t\t<\/ul>\n\t\t\t\t\t\t\t<\/div>\n\t\t<\/ho-lane>\n\t\t<\/div>\n<\/section>","protected":false},"excerpt":{"rendered":"<p>When the Bauhaus-Archiv was founded, the aim was to keep the ideas alive which the famous school of design developed from 1919 to 1933. The world has experienced enormous changes since then, and yet the Bauhaus continues to play an important role. It is constantly quoted, rediscovered and critically examined. Annemarie Jaeggi, director of the Bauhaus-Archiv explains why the institution, which has had such an outsized influence on modernism, continues to thrive, what role education plays in it, and how the collection can be restructured to meet the challenges of the digital age.<\/p>\n","protected":false},"author":11,"featured_media":351,"template":"","meta":{"_acf_changed":false},"artist_taxonomy":[],"teaser_indicator":[],"magazin_tag":[],"magazine-article-type":[],"magazine-article-category":[98],"magazine-article-author":[100],"class_list":["post-11824","magazine-article","type-magazine-article","status-publish","has-post-thumbnail","hentry","magazine-article-category-backstage-en","magazine-article-author-philipp-hindahl-en"],"acf":{"seo_titel":"","keywords":"","noindex":false,"redirect":"","short_url":""},"_links":{"self":[{"href":"https:\/\/www.bauhaus.de\/en\/wp-json\/wp\/v2\/magazine-article\/11824","targetHints":{"allow":["GET"]}}],"collection":[{"href":"https:\/\/www.bauhaus.de\/en\/wp-json\/wp\/v2\/magazine-article"}],"about":[{"href":"https:\/\/www.bauhaus.de\/en\/wp-json\/wp\/v2\/types\/magazine-article"}],"author":[{"embeddable":true,"href":"https:\/\/www.bauhaus.de\/en\/wp-json\/wp\/v2\/users\/11"}],"version-history":[{"count":1,"href":"https:\/\/www.bauhaus.de\/en\/wp-json\/wp\/v2\/magazine-article\/11824\/revisions"}],"predecessor-version":[{"id":26137,"href":"https:\/\/www.bauhaus.de\/en\/wp-json\/wp\/v2\/magazine-article\/11824\/revisions\/26137"}],"wp:featuredmedia":[{"embeddable":true,"href":"https:\/\/www.bauhaus.de\/en\/wp-json\/wp\/v2\/media\/351"}],"wp:attachment":[{"href":"https:\/\/www.bauhaus.de\/en\/wp-json\/wp\/v2\/media?parent=11824"}],"wp:term":[{"taxonomy":"artist_taxonomy","embeddable":true,"href":"https:\/\/www.bauhaus.de\/en\/wp-json\/wp\/v2\/artist_taxonomy?post=11824"},{"taxonomy":"teaser_indicator","embeddable":true,"href":"https:\/\/www.bauhaus.de\/en\/wp-json\/wp\/v2\/teaser_indicator?post=11824"},{"taxonomy":"magazin_tag","embeddable":true,"href":"https:\/\/www.bauhaus.de\/en\/wp-json\/wp\/v2\/magazin_tag?post=11824"},{"taxonomy":"magazine-article-type","embeddable":true,"href":"https:\/\/www.bauhaus.de\/en\/wp-json\/wp\/v2\/magazine-article-type?post=11824"},{"taxonomy":"magazine-article-category","embeddable":true,"href":"https:\/\/www.bauhaus.de\/en\/wp-json\/wp\/v2\/magazine-article-category?post=11824"},{"taxonomy":"magazine-article-author","embeddable":true,"href":"https:\/\/www.bauhaus.de\/en\/wp-json\/wp\/v2\/magazine-article-author?post=11824"}],"curies":[{"name":"wp","href":"https:\/\/api.w.org\/{rel}","templated":true}]}}