{"id":11858,"date":"2022-03-21T10:38:01","date_gmt":"2022-03-21T09:38:01","guid":{"rendered":"https:\/\/www.bauhaus.de\/entdecken\/artikel\/was-sind-themen-des-bauhauses-die-heute-noch-relevant-sein-koennten\/"},"modified":"2025-12-03T17:27:42","modified_gmt":"2025-12-03T16:27:42","slug":"volker-staab-what-bauhaus-themes-might-still-be-relevant-today","status":"publish","type":"magazine-article","link":"https:\/\/www.bauhaus.de\/en\/discover\/article\/volker-staab-what-bauhaus-themes-might-still-be-relevant-today\/","title":{"rendered":"Volker Staab, what Bauhaus themes might still be relevant today?"},"content":{"rendered":"<section class='wp-block-ho-pattern header-text' data-pattern='ho\/header-magazin'>\n\n<div  class='margin-bottom-7'>\n\n<div  class='color-bg-highlight color-fg-highlight header-space header-height-read-only'>\n\n<div  class='container-fluid cf-gutter-1 cf-side-1'>\n\n<div  class='row'>\n\n<div  class='col col-xs-12 col-md-6'>\n\n<div  class='header-magazine-contents'>\n\n<div  class='cf-rem-max-width container-fluid cf-gutter-5 cf-side-5'>\n\n<div  class='row'>\n\n<div  class='col col-xs-12'>\n\n<div  class='padding-bottom-4'><div class=\"wp-block-ho-slot \"><div class=\"margin-bottom-3\">\n\t<swup-back>Back<\/swup-back>\n<\/div><\/div>\n<\/div>\n<\/div>\n\n\n\n\n<div  class='col col-xs-12'><div class=\"wp-block-ho-slot \"><\/div>\n<\/div>\n<\/div>\n\n\n\n\n<div  class='row'>\n\n<div  class='col col-xs-12'>\n<h1 class='ho-sd-h3' style=\"white-space: normal;\">Volker Staab, what Bauhaus themes might still be relevant today?<\/h1>\n<\/div>\n<\/div>\n<\/div>\n<\/div>\n<\/div>\n\n\n\n\n<div  class='col col-xs-12 col-md-6'><figure itemscope itemtype=\"http:\/\/schema.org\/ImageObject\" class=\"lazy-media-inline  lazy-background-fill\" role=\"group\" aria-describedby=\"media_vwnktv\">\n<script type=\"application\/json\">{\n\"id\" : 359,\n\"sizes\" : {\"medium\":{\"file\":\"Volker-Staab_c_Jan-Kopetzky-300x229.jpg\",\"width\":300,\"height\":229,\"mime-type\":\"image\\\/jpeg\",\"filesize\":8191},\"large\":{\"file\":\"Volker-Staab_c_Jan-Kopetzky-1024x783.jpg\",\"width\":1024,\"height\":783,\"mime-type\":\"image\\\/jpeg\",\"filesize\":56760},\"medium_large\":{\"file\":\"Volker-Staab_c_Jan-Kopetzky-768x587.jpg\",\"width\":768,\"height\":587,\"mime-type\":\"image\\\/jpeg\",\"filesize\":34431},\"1536x1536\":{\"file\":\"Volker-Staab_c_Jan-Kopetzky-1536x1174.jpg\",\"width\":1536,\"height\":1174,\"mime-type\":\"image\\\/jpeg\",\"filesize\":121108},\"2048x2048\":{\"file\":\"Volker-Staab_c_Jan-Kopetzky-2048x1565.jpg\",\"width\":2048,\"height\":1565,\"mime-type\":\"image\\\/jpeg\",\"filesize\":210102},\"small\":{\"file\":\"Volker-Staab_c_Jan-Kopetzky-440x336.jpg\",\"width\":440,\"height\":336,\"mime-type\":\"image\\\/jpeg\",\"filesize\":13821},\"semi\":{\"file\":\"Volker-Staab_c_Jan-Kopetzky-580x443.jpg\",\"width\":580,\"height\":443,\"mime-type\":\"image\\\/jpeg\",\"filesize\":21606},\"mobile\":{\"file\":\"Volker-Staab_c_Jan-Kopetzky-720x550.jpg\",\"width\":720,\"height\":550,\"mime-type\":\"image\\\/jpeg\",\"filesize\":30676},\"hd\":{\"file\":\"Volker-Staab_c_Jan-Kopetzky-1280x978.jpg\",\"width\":1280,\"height\":978,\"mime-type\":\"image\\\/jpeg\",\"filesize\":86156},\"full\":{\"file\":\"Volker-Staab_c_Jan-Kopetzky-1920x1467.jpg\",\"width\":1920,\"height\":1467,\"mime-type\":\"image\\\/jpeg\",\"filesize\":185898},\"original\":{\"file\":\"Volker-Staab_c_Jan-Kopetzky.jpg\",\"width\":3003,\"height\":2295}},\n\"alt\" : \"Portrait of a man with a narrow face, wearing a black sweater and scarf, against a light background.\",\n\"path\" : \"\\\/wp-content\\\/uploads\\\/2025\\\/04\\\/\",\n\"video\" : null,\n\"autoplay\" : null,\n\"youtube\" : null,\n\"youtubelabel\" : \"play\",\n\"brightness\" : 100,\n\"crop\" : {\"x\":0.5,\"y\":0.5},\n\"background\" : true,\n\"scale\" : 1,\n\"zoom\" : false,\n\"annotations\" : null}<\/script>\n<div class=\"height-container  height-container-mobile\" style=\"padding-bottom:76.423576423576%; --padding-bottom-mobile:120%  \">\n\t<div class=\"height-container-contents lazy-media-contents\">\n\t\n\t<div class=\"lazy-media-preview\" style=\"background-image: url('data:image\/jpeg;base64,\/9j\/4AAQSkZJRgABAQEAYABgAAD\/\/gA7Q1JFQVRPUjogZ2QtanBlZyB2MS4wICh1c2luZyBJSkcgSlBFRyB2NjIpLCBxdWFsaXR5ID0gOTAK\/9sAQwADAgIDAgIDAwMDBAMDBAUIBQUEBAUKBwcGCAwKDAwLCgsLDQ4SEA0OEQ4LCxAWEBETFBUVFQwPFxgWFBgSFBUU\/9sAQwEDBAQFBAUJBQUJFA0LDRQUFBQUFBQUFBQUFBQUFBQUFBQUFBQUFBQUFBQUFBQUFBQUFBQUFBQUFBQUFBQUFBQU\/8AAEQgAEgAYAwEiAAIRAQMRAf\/EAB8AAAEFAQEBAQEBAAAAAAAAAAABAgMEBQYHCAkKC\/\/EALUQAAIBAwMCBAMFBQQEAAABfQECAwAEEQUSITFBBhNRYQcicRQygZGhCCNCscEVUtHwJDNicoIJChYXGBkaJSYnKCkqNDU2Nzg5OkNERUZHSElKU1RVVldYWVpjZGVmZ2hpanN0dXZ3eHl6g4SFhoeIiYqSk5SVlpeYmZqio6Slpqeoqaqys7S1tre4ubrCw8TFxsfIycrS09TV1tfY2drh4uPk5ebn6Onq8fLz9PX29\/j5+v\/EAB8BAAMBAQEBAQEBAQEAAAAAAAABAgMEBQYHCAkKC\/\/EALURAAIBAgQEAwQHBQQEAAECdwABAgMRBAUhMQYSQVEHYXETIjKBCBRCkaGxwQkjM1LwFWJy0QoWJDThJfEXGBkaJicoKSo1Njc4OTpDREVGR0hJSlNUVVZXWFlaY2RlZmdoaWpzdHV2d3h5eoKDhIWGh4iJipKTlJWWl5iZmqKjpKWmp6ipqrKztLW2t7i5usLDxMXGx8jJytLT1NXW19jZ2uLj5OXm5+jp6vLz9PX29\/j5+v\/aAAwDAQACEQMRAD8A++dQ0nTtB0K9vo8zNbxM4QDqRXlPh7xffJ4i0pLq4+322pSbZYUiI+z56YNan7Q\/7Tfgz9njwcNQ12X7ZPdho7WygwzStj+VfmrqX\/BSDxL\/AG5p99pGjW9k1vdGaRWbKyR54THbispUpXXKdFOcOWXPv0P2CvdB0wQuCx6elFfOv7JH7ZWn\/tS6bqsEul\/2LrGnqrSQb9yyKf4lorX2SOfnaPiH\/gpkzf2h4HXJ2\/ZWOM8Zr4iWiit49fVkH3L\/AMEn3YfFfxENxwdOPGfeiiitCep\/\/9k='); background-position: 50% 50%; height: 100%; width: 100%;\"><\/div>\n\n\t\t<lazy-media-inline inline-template>\n\t\t<div>\n\t\t\t<lazy-media :inline=\"true\" :alt=\"alt\" :sizes=\"sizes\" :scale=\"scale\" :zoom=\"zoom\" :brightness=\"brightness\" :path=\"path\" :video=\"video\" :autoplay=\"autoplay\" :youtube=\"youtube\" :crop=\"crop\" :youtubelabel=\"youtubelabel\" :annotations=\"annotations\" :background=\"background\" v-if=\"sizes\"><\/lazy-media>\n\t\t<\/div>\n\t<\/lazy-media-inline>\n\t\t\t<\/div>\n<\/div>\n\n\n\n\n\n\n<\/figure>\n\n\t\t<\/div>\n<\/div>\n<\/div>\n<\/div>\n<\/div>\n\n\n<div  class='margin-bottom-5 padding-top-2'>\n\n<div  class='container-fluid'>\n\n<div  class='row'>\n\n<div  class='col col-xs-12 col-md-4 col-md-offset-1'>\n\n<div  class='container-fluid cf-gutter-1 cf-side-1'>\n\n<div  class='row'>\n\n<div  class='col col-xs-12'>\n\n<div  class='flex-align-center-center mobile-flex-align-center-center'><div class=\"wp-block-ho-slot ho-sd-metadata\"><a href=\"https:\/\/www.bauhaus.de\/en\/kategorie\/architecture\/\"><span>#Architecture<\/span><\/a>\n<\/div>\n<\/div>\n<\/div>\n\n\n\n\n<div  class='col col-xs-12'>\n\n<div  class='flex-align-center-center header-magazine-date'><div class=\"wp-block-ho-slot ho-sd-metadata\">21\/3\/22<\/div>\n<\/div>\n<\/div>\n<\/div>\n\n\n\n\n<div  class='row'>\n\n<div  class='col col-xs-12'>\n\n<div  class='flex-align-center-center header-magazine-reading-time'><span class=ho-sd-metadata>1<\/span>\n\n\n<div class=\"wp-block-ho-slot ho-sd-metadata\"> min reading time<\/div>\n<\/div>\n<\/div>\n<\/div>\n\n\n\n\n<div  class='row'>\n\n<div  class='col col-xs-12'>\n\n<div  class='flex-align-center-center mobile-flex-align-center-center'><div class=\"wp-block-ho-slot ho-sd-metadata\"><div class=\"header-magazine-author\">by <a href=\"https:\/\/www.bauhaus.de\/en\/autor\/marina-brafa-en\/\"><span>Marina Brafa<\/span><\/a><\/div>\n<\/div>\n<\/div>\n<\/div>\n<\/div>\n<\/div>\n<\/div>\n\n\n\n\n<div  class='col col-xs-12 col-md-6 col-md-offset-1 color-fg-highlight-2'>\t<p class='ho-sd-body-bold'>Since 2018, the existing structure of the Bauhaus-Archiv \/ Museum f\u00fcr Gestaltung has been undergoing renovation and will be expanded with a new annex. The Berlin-based architectural firm Staab Architects won the design competition for the new building ensemble. In the following interview, architect Volker Staab discusses the project\u2019s perks and problems. <\/p>\n<\/div>\n<\/div>\n<\/div>\n<\/div>\n<\/section>\n\n<section class='wp-block-ho-pattern toggle-optional-headline' data-pattern='ho\/text-option-headline'>\n\n<div  class='margin-bottom-7'>\n\n<div  class='container-fluid cf-gutter-5 cf-side-5'>\n\n<div  class='row ho-pattern-optional-headline'>\n\n<div  class='col col-md-6 col-xs-12 col-md-offset-6'>\n\n<div  class='padding-bottom-4'>\n<h2 class='ho-sd-h5' style=\"white-space: normal;\">Lorem ipsum<\/h2>\n<\/div>\n<\/div>\n<\/div>\n\n\n\n\n<div  class='row'>\n\n<div  class='col col-md-6 col-xs-12 col-md-offset-6'>\n\n<div class=\"wp-block-ho-div\">\t<p class='ho-sd-body'><strong>Mr Staab, could you describe your first thoughts when you visit the building site?<\/strong><br><br>On my last visit to the site, I was impressed by the sheer volume of the exhibition rooms which we\u2019ve arranged beneath the forecourt and embedded into the terrain along the side. Later, visitors will only be able to experience these rooms from inside since they\u2019ll lie below the surface of the property.  At the beginning of the construction phase, I had a similar spatial experience when the original building was liberated from the subsequent additions and the cladding around the windows. Suddenly, the spatial qualities of the old building came to light \u2013 the visual references to the \u201cpromenade architecturale\u201d and exterior grounds, the interesting perspectives in the interior.<br><br><strong>You\u2019re a multiple award-winning architect whose firm has designed many museums in the past. How significant is the construction of the new Bauhaus-Archiv for you?<\/strong><br><br>It\u2019s a very important project for me. On one hand, it\u2019s because of the subject itself \u2013 the Bauhaus \u2013 which has played a major role in architecture. On the other, it\u2019s about the location \u2013 Berlin \u2013 and Walter Gropius. This combination makes it a special project in the long line of museums we\u2019ve planned so far.<br><br><strong>How did you approach the project? <\/strong><br><br>We looked at several different aspects. For one, we examined what it truly means to build a Bauhaus museum today. Do we have to stylistically refer to the Bauhaus through its architectural expression? Or are there contextual themes of the Bauhaus that we can tie into? Of course, there are no simple answers to such questions. What we knew for certain was that we didn\u2019t want to design a building in the Bauhaus style, if there ever was such a thing. Rather, we focused more on what Bauhaus themes might still be relevant today.<\/p>\n<\/div>\n<\/div>\n<\/div>\n<\/div>\n<\/div>\n<\/section>\n\n<section class='wp-block-ho-pattern ' data-pattern='ho\/medien-bild-volle-breite'>\n\n<div  class='margin-bottom-7'>\n\n<div  class='container-fluid cf-gutter-5 cf-side-5'>\n\n<div  class='row'>\n\n<div  class='col col-xs-12'>\n\n<div class=\"wp-block-ho-div\"><figure itemscope itemtype=\"http:\/\/schema.org\/ImageObject\" class=\"lazy-media-inline \" role=\"group\" aria-describedby=\"media_3gzU3J\">\n<script type=\"application\/json\">{\n\"id\" : 2298,\n\"sizes\" : {\"medium\":{\"file\":\"Erster-Preis_Staab-Architekten-GmbH_Berlin_c_Staab-Architekten-1-300x200.jpg\",\"width\":300,\"height\":200,\"mime-type\":\"image\\\/jpeg\",\"filesize\":14946},\"large\":{\"file\":\"Erster-Preis_Staab-Architekten-GmbH_Berlin_c_Staab-Architekten-1-1024x684.jpg\",\"width\":1024,\"height\":684,\"mime-type\":\"image\\\/jpeg\",\"filesize\":86090},\"medium_large\":{\"file\":\"Erster-Preis_Staab-Architekten-GmbH_Berlin_c_Staab-Architekten-1-768x513.jpg\",\"width\":768,\"height\":513,\"mime-type\":\"image\\\/jpeg\",\"filesize\":57428},\"1536x1536\":{\"file\":\"Erster-Preis_Staab-Architekten-GmbH_Berlin_c_Staab-Architekten-1-1536x1025.jpg\",\"width\":1536,\"height\":1025,\"mime-type\":\"image\\\/jpeg\",\"filesize\":155136},\"2048x2048\":{\"file\":\"Erster-Preis_Staab-Architekten-GmbH_Berlin_c_Staab-Architekten-1-2048x1367.jpg\",\"width\":2048,\"height\":1367,\"mime-type\":\"image\\\/jpeg\",\"filesize\":239245},\"small\":{\"file\":\"Erster-Preis_Staab-Architekten-GmbH_Berlin_c_Staab-Architekten-1-440x294.jpg\",\"width\":440,\"height\":294,\"mime-type\":\"image\\\/jpeg\",\"filesize\":25840},\"semi\":{\"file\":\"Erster-Preis_Staab-Architekten-GmbH_Berlin_c_Staab-Architekten-1-580x387.jpg\",\"width\":580,\"height\":387,\"mime-type\":\"image\\\/jpeg\",\"filesize\":38708},\"mobile\":{\"file\":\"Erster-Preis_Staab-Architekten-GmbH_Berlin_c_Staab-Architekten-1-720x481.jpg\",\"width\":720,\"height\":481,\"mime-type\":\"image\\\/jpeg\",\"filesize\":52333},\"hd\":{\"file\":\"Erster-Preis_Staab-Architekten-GmbH_Berlin_c_Staab-Architekten-1-1280x855.jpg\",\"width\":1280,\"height\":855,\"mime-type\":\"image\\\/jpeg\",\"filesize\":118294},\"full\":{\"file\":\"Erster-Preis_Staab-Architekten-GmbH_Berlin_c_Staab-Architekten-1-1920x1282.jpg\",\"width\":1920,\"height\":1282,\"mime-type\":\"image\\\/jpeg\",\"filesize\":217051},\"original\":{\"file\":\"Erster-Preis_Staab-Architekten-GmbH_Berlin_c_Staab-Architekten-1.jpg\",\"width\":3544,\"height\":2366}},\n\"alt\" : \"\",\n\"path\" : \"\\\/wp-content\\\/uploads\\\/2025\\\/05\\\/\",\n\"video\" : null,\n\"autoplay\" : null,\n\"youtube\" : null,\n\"youtubelabel\" : \"play\",\n\"brightness\" : 100,\n\"crop\" : {\"x\":0.52,\"y\":0.46},\n\"background\" : true,\n\"scale\" : 1,\n\"zoom\" : false,\n\"annotations\" : null}<\/script>\n<div class=\"height-container \" style=\"padding-bottom:52%;   \">\n\t<div class=\"height-container-contents lazy-media-contents\">\n\t\n\t<div class=\"lazy-media-preview\" style=\"background-image: url('data:image\/jpeg;base64,\/9j\/4AAQSkZJRgABAQEAYABgAAD\/\/gA7Q1JFQVRPUjogZ2QtanBlZyB2MS4wICh1c2luZyBJSkcgSlBFRyB2NjIpLCBxdWFsaXR5ID0gOTAK\/9sAQwADAgIDAgIDAwMDBAMDBAUIBQUEBAUKBwcGCAwKDAwLCgsLDQ4SEA0OEQ4LCxAWEBETFBUVFQwPFxgWFBgSFBUU\/9sAQwEDBAQFBAUJBQUJFA0LDRQUFBQUFBQUFBQUFBQUFBQUFBQUFBQUFBQUFBQUFBQUFBQUFBQUFBQUFBQUFBQUFBQU\/8AAEQgAEAAYAwEiAAIRAQMRAf\/EAB8AAAEFAQEBAQEBAAAAAAAAAAABAgMEBQYHCAkKC\/\/EALUQAAIBAwMCBAMFBQQEAAABfQECAwAEEQUSITFBBhNRYQcicRQygZGhCCNCscEVUtHwJDNicoIJChYXGBkaJSYnKCkqNDU2Nzg5OkNERUZHSElKU1RVVldYWVpjZGVmZ2hpanN0dXZ3eHl6g4SFhoeIiYqSk5SVlpeYmZqio6Slpqeoqaqys7S1tre4ubrCw8TFxsfIycrS09TV1tfY2drh4uPk5ebn6Onq8fLz9PX29\/j5+v\/EAB8BAAMBAQEBAQEBAQEAAAAAAAABAgMEBQYHCAkKC\/\/EALURAAIBAgQEAwQHBQQEAAECdwABAgMRBAUhMQYSQVEHYXETIjKBCBRCkaGxwQkjM1LwFWJy0QoWJDThJfEXGBkaJicoKSo1Njc4OTpDREVGR0hJSlNUVVZXWFlaY2RlZmdoaWpzdHV2d3h5eoKDhIWGh4iJipKTlJWWl5iZmqKjpKWmp6ipqrKztLW2t7i5usLDxMXGx8jJytLT1NXW19jZ2uLj5OXm5+jp6vLz9PX29\/j5+v\/aAAwDAQACEQMRAD8A+lfgl4JuPDmjnS9TkW5vEBldrYja3tXobzppcTXNjpYubduuAQ+fevKvCPg7UxJP4h1WafwVqUkgjtyk3mJMWPRlNdtrWr\/EPwQFku9Ph8Q2LLn7RYjDAe60nrqJO2hzviO41XUryxW30tJIROWvAqcxr2HvRTp\/2oPA9vMkOp29zY3IBaUyptKFexoosw5l3P\/Z'); background-position: 52% 46%; height: 100%; width: 100%;\"><\/div>\n\n\t\t<lazy-media-inline inline-template>\n\t\t<div>\n\t\t\t<lazy-media :inline=\"true\" :alt=\"alt\" :sizes=\"sizes\" :scale=\"scale\" :zoom=\"zoom\" :brightness=\"brightness\" :path=\"path\" :video=\"video\" :autoplay=\"autoplay\" :youtube=\"youtube\" :crop=\"crop\" :youtubelabel=\"youtubelabel\" :annotations=\"annotations\" :background=\"background\" v-if=\"sizes\"><\/lazy-media>\n\t\t<\/div>\n\t<\/lazy-media-inline>\n\t\t\t<\/div>\n<\/div>\n\n\n\n\n\n\n<\/figure>\n\n\t\t<\/div>\n<\/div>\n<\/div>\n<\/div>\n\n\n\n\n<div  class='container-fluid cf-gutter-5 cf-side-5'>\n\n<div  class='row'>\n\n<div  class='col col-xs-12'>\n\n<div class=\"wp-block-ho-div\"><figcaption id=\"media_3gzU3J\">\n\t<div class=\"figcaption-wrapper\">\n\t\t\t\t\t<div class=\"lazy-media-image-label\">Competition design for the Bauhaus-Archiv \/ Museum f\u00fcr Gestaltung, model by Staab Architekten<\/div>\n\t\t\t\t\t\t\t<div class=\"lazy-media-image-description\">\u00a9 Staab Architekten<\/div>\n\t\t\t<\/div>\n<\/figcaption>\n<\/div>\n<\/div>\n<\/div>\n<\/div>\n<\/div>\n<\/section>\n\n<section class='wp-block-ho-pattern toggle-optional-headline' data-pattern='ho\/text-option-headline'>\n\n<div  class='margin-bottom-7'>\n\n<div  class='container-fluid cf-gutter-5 cf-side-5'>\n\n<div  class='row ho-pattern-optional-headline'>\n\n<div  class='col col-md-6 col-xs-12 col-md-offset-6'>\n\n<div  class='padding-bottom-4'>\n<h2 class='ho-sd-h5' style=\"white-space: normal;\">Lorem ipsum<\/h2>\n<\/div>\n<\/div>\n<\/div>\n\n\n\n\n<div  class='row'>\n\n<div  class='col col-md-6 col-xs-12 col-md-offset-6'>\n\n<div class=\"wp-block-ho-div\">\t<p class='ho-sd-body'><strong>So what themes are still relevant? Can you recognise any parallels today to the time of the Bauhaus (1919\u20131933)? <\/strong><br><br>The eagerness to experiment and the interest in discourse beyond disciplinary boundaries are themes that we can build on. The Bauhaus existed in a time of upheaval when construction became industrialised. This might be comparable to the role that digitalisation plays in construction today. Back then, like today, society was going through a period of radical transition. Today, we\u2019re asking new questions, for example, with respect to the climate. Or the question of how public and open a museum should be. All of that flowed into our deliberations on what this museum should look like.<br><br><strong>The Bauhaus-Archiv was originally planned in Darmstadt but ended up being built in Berlin in a rather complex urban environment. How did you manage these challenges?<\/strong><br><br>The piece of property that Berlin could offer the Bauhaus-Archiv at the time was essentially a traffic island between numerous streets. The challenge was to incorporate Gropius\u2019s project into it, even though it had been designed for an entirely different location. In Darmstadt it was supposed to be built on a hill, in Berlin on a piece of level terrain. This discrepancy, which was baked into the design, was evident to the very end. For us, the sketchy entrance situation was our primary focus. The entrance was one level lower at the back of the museum. Perhaps when it was first built, the building made a stronger impression as a standalone structure. But over time \u2013 with all the surrounding buildings and towering trees \u2013 it had become a place you could hardly find and was barely recognisable as a self-contained space.<br><br>At the same time, there were features of the building we wanted to preserve. We wanted to ensure that the large addition wouldn\u2019t block the view of the silhouette with its shed roof. We also wanted to preserve the impact of the elevated ramp to the main entrance, the \u201cpromenade architecturale\u201d. Ultimately, we used it to combine the old museum and new annex into an organisational unit by connecting the foyers of both buildings underneath the ramp. The low-set garden next to the ramp would be converted into a central courtyard with both foyers facing each other.<\/p>\n<\/div>\n<\/div>\n<\/div>\n<\/div>\n<\/div>\n<\/section>\n\n<section class='wp-block-ho-pattern ' data-pattern='ho\/text-zitat'>\n\n<div  class='margin-bottom-7'>\n\n<div  class='container-fluid cf-gutter-5 cf-side-5'>\n\n<div  class='row'>\n\n<div  class='col col-md-6 col-md-offset-3 col-xs-12'>\n\n<div class=\"wp-block-ho-div\"><figure class='wp-block-ho-quote '>\n\t\t\t<blockquote>\u201cThe idea was to give the tower a completely minimised construction of thin, slightly dancing steel supports.\u201d<\/blockquote>\n\t\t\t\t<figcaption>Volker Staab<\/figcaption>\n\t<\/figure>\n<\/div>\n<\/div>\n<\/div>\n<\/div>\n<\/div>\n<\/section>\n\n<section class='wp-block-ho-pattern ' data-pattern='ho\/medien-bild-zwei-bilder-gross-gross'>\n\n<div  class='margin-bottom-7'>\n\n<div  class='container-fluid cf-gutter-5 cf-side-5'>\n\n<div  class='row'>\n\n<div  class='col col-md-6 col-xs-11 mobile-margin-bottom-5'>\n\n<div class=\"wp-block-ho-div\"><figure itemscope itemtype=\"http:\/\/schema.org\/ImageObject\" class=\"lazy-media-inline \" role=\"group\" aria-describedby=\"media_3gzU3J\">\n<script type=\"application\/json\">{\n\"id\" : 365,\n\"sizes\" : {\"medium\":{\"file\":\"Erster-Preis_Staab-Architekten-GmbH_Berlin_c_Volker-Staab-2-300x223.jpg\",\"width\":300,\"height\":223,\"mime-type\":\"image\\\/jpeg\",\"filesize\":15136},\"large\":{\"file\":\"Erster-Preis_Staab-Architekten-GmbH_Berlin_c_Volker-Staab-2-1024x760.jpg\",\"width\":1024,\"height\":760,\"mime-type\":\"image\\\/jpeg\",\"filesize\":119755},\"medium_large\":{\"file\":\"Erster-Preis_Staab-Architekten-GmbH_Berlin_c_Volker-Staab-2-768x570.jpg\",\"width\":768,\"height\":570,\"mime-type\":\"image\\\/jpeg\",\"filesize\":73724},\"1536x1536\":{\"file\":\"Erster-Preis_Staab-Architekten-GmbH_Berlin_c_Volker-Staab-2-1536x1141.jpg\",\"width\":1536,\"height\":1141,\"mime-type\":\"image\\\/jpeg\",\"filesize\":238317},\"2048x2048\":{\"file\":\"Erster-Preis_Staab-Architekten-GmbH_Berlin_c_Volker-Staab-2-2048x1521.jpg\",\"width\":2048,\"height\":1521,\"mime-type\":\"image\\\/jpeg\",\"filesize\":384266},\"small\":{\"file\":\"Erster-Preis_Staab-Architekten-GmbH_Berlin_c_Volker-Staab-2-440x327.jpg\",\"width\":440,\"height\":327,\"mime-type\":\"image\\\/jpeg\",\"filesize\":28780},\"semi\":{\"file\":\"Erster-Preis_Staab-Architekten-GmbH_Berlin_c_Volker-Staab-2-580x431.jpg\",\"width\":580,\"height\":431,\"mime-type\":\"image\\\/jpeg\",\"filesize\":45402},\"mobile\":{\"file\":\"Erster-Preis_Staab-Architekten-GmbH_Berlin_c_Volker-Staab-2-720x535.jpg\",\"width\":720,\"height\":535,\"mime-type\":\"image\\\/jpeg\",\"filesize\":66289},\"hd\":{\"file\":\"Erster-Preis_Staab-Architekten-GmbH_Berlin_c_Volker-Staab-2-1280x951.jpg\",\"width\":1280,\"height\":951,\"mime-type\":\"image\\\/jpeg\",\"filesize\":174735},\"full\":{\"file\":\"Erster-Preis_Staab-Architekten-GmbH_Berlin_c_Volker-Staab-2-1920x1426.jpg\",\"width\":1920,\"height\":1426,\"mime-type\":\"image\\\/jpeg\",\"filesize\":345247},\"original\":{\"file\":\"Erster-Preis_Staab-Architekten-GmbH_Berlin_c_Volker-Staab-2.jpg\",\"width\":3000,\"height\":2228}},\n\"alt\" : \"Moderner Wettbewerbsentwurf in Schwarzwei\\u00df mit gro\\u00dffl\\u00e4chigen Glasw\\u00e4nden, offener Innenhofgestaltung und klaren, minimalistischen Linien.\",\n\"path\" : \"\\\/wp-content\\\/uploads\\\/2025\\\/04\\\/\",\n\"video\" : null,\n\"autoplay\" : null,\n\"youtube\" : null,\n\"youtubelabel\" : \"play\",\n\"brightness\" : 100,\n\"crop\" : null,\n\"background\" : false,\n\"scale\" : 1,\n\"zoom\" : false,\n\"annotations\" : null}<\/script>\n<div class=\"height-container \" style=\"padding-bottom:74.266666666667%;   \">\n\t<div class=\"height-container-contents lazy-media-contents\">\n\t\n\t<div class=\"lazy-media-preview\" style=\"background-image: url('data:image\/jpeg;base64,\/9j\/4AAQSkZJRgABAQEAYABgAAD\/\/gA7Q1JFQVRPUjogZ2QtanBlZyB2MS4wICh1c2luZyBJSkcgSlBFRyB2NjIpLCBxdWFsaXR5ID0gOTAK\/9sAQwADAgIDAgIDAwMDBAMDBAUIBQUEBAUKBwcGCAwKDAwLCgsLDQ4SEA0OEQ4LCxAWEBETFBUVFQwPFxgWFBgSFBUU\/9sAQwEDBAQFBAUJBQUJFA0LDRQUFBQUFBQUFBQUFBQUFBQUFBQUFBQUFBQUFBQUFBQUFBQUFBQUFBQUFBQUFBQUFBQU\/8AAEQgAEQAYAwEiAAIRAQMRAf\/EAB8AAAEFAQEBAQEBAAAAAAAAAAABAgMEBQYHCAkKC\/\/EALUQAAIBAwMCBAMFBQQEAAABfQECAwAEEQUSITFBBhNRYQcicRQygZGhCCNCscEVUtHwJDNicoIJChYXGBkaJSYnKCkqNDU2Nzg5OkNERUZHSElKU1RVVldYWVpjZGVmZ2hpanN0dXZ3eHl6g4SFhoeIiYqSk5SVlpeYmZqio6Slpqeoqaqys7S1tre4ubrCw8TFxsfIycrS09TV1tfY2drh4uPk5ebn6Onq8fLz9PX29\/j5+v\/EAB8BAAMBAQEBAQEBAQEAAAAAAAABAgMEBQYHCAkKC\/\/EALURAAIBAgQEAwQHBQQEAAECdwABAgMRBAUhMQYSQVEHYXETIjKBCBRCkaGxwQkjM1LwFWJy0QoWJDThJfEXGBkaJicoKSo1Njc4OTpDREVGR0hJSlNUVVZXWFlaY2RlZmdoaWpzdHV2d3h5eoKDhIWGh4iJipKTlJWWl5iZmqKjpKWmp6ipqrKztLW2t7i5usLDxMXGx8jJytLT1NXW19jZ2uLj5OXm5+jp6vLz9PX29\/j5+v\/aAAwDAQACEQMRAD8A9f8A2V\/gF4d1nwBbTzSJHIwBd8fM3sKvfFf9mq1nZ10x7e9QsUAjI3KR2NeZfA3xFr+v+AbaDSNQaGFmUFoyAQQa9Ls\/Al9przLqPiKW0inYzMyTbW3Y5Oc0AfEXx4+C9z4RhnNxbyQyD5lBHaivUf2jvHmj6Dd28U1z\/a8SwtHtlm3Oxz1zRQBd\/ZJ\/5EuH\/r4r174l\/cb6n+VFFAH58fHb\/kOj8f50UUUAf\/\/Z'); background-position: 50% 50%; height: 100%; width: 100%;\"><\/div>\n\n\t\n<div class=\"lazy-media loaded\">\n\t<img decoding=\"async\" src=\"https:\/\/www.bauhaus.de\/wp-content\/uploads\/2025\/04\/Erster-Preis_Staab-Architekten-GmbH_Berlin_c_Volker-Staab-2-1920x1426.jpg\" srcset=\"https:\/\/www.bauhaus.de\/wp-content\/uploads\/2025\/04\/Erster-Preis_Staab-Architekten-GmbH_Berlin_c_Volker-Staab-2-1920x1426.jpg 1920w, https:\/\/www.bauhaus.de\/wp-content\/uploads\/2025\/04\/Erster-Preis_Staab-Architekten-GmbH_Berlin_c_Volker-Staab-2-300x223.jpg 300w, https:\/\/www.bauhaus.de\/wp-content\/uploads\/2025\/04\/Erster-Preis_Staab-Architekten-GmbH_Berlin_c_Volker-Staab-2-1024x760.jpg 1024w, https:\/\/www.bauhaus.de\/wp-content\/uploads\/2025\/04\/Erster-Preis_Staab-Architekten-GmbH_Berlin_c_Volker-Staab-2-768x570.jpg 768w, https:\/\/www.bauhaus.de\/wp-content\/uploads\/2025\/04\/Erster-Preis_Staab-Architekten-GmbH_Berlin_c_Volker-Staab-2-1536x1141.jpg 1536w, https:\/\/www.bauhaus.de\/wp-content\/uploads\/2025\/04\/Erster-Preis_Staab-Architekten-GmbH_Berlin_c_Volker-Staab-2-2048x1521.jpg 2048w, https:\/\/www.bauhaus.de\/wp-content\/uploads\/2025\/04\/Erster-Preis_Staab-Architekten-GmbH_Berlin_c_Volker-Staab-2-440x327.jpg 440w, https:\/\/www.bauhaus.de\/wp-content\/uploads\/2025\/04\/Erster-Preis_Staab-Architekten-GmbH_Berlin_c_Volker-Staab-2-580x431.jpg 580w, https:\/\/www.bauhaus.de\/wp-content\/uploads\/2025\/04\/Erster-Preis_Staab-Architekten-GmbH_Berlin_c_Volker-Staab-2-720x535.jpg 720w, https:\/\/www.bauhaus.de\/wp-content\/uploads\/2025\/04\/Erster-Preis_Staab-Architekten-GmbH_Berlin_c_Volker-Staab-2-1280x951.jpg 1280w\" sizes=\"(max-width: 763px) 100vw, (qmin-width: 764px) and (max-width: 1023px) 100vw, (min-width: 1024px) 100vw\" alt=\"Moderner Wettbewerbsentwurf in Schwarzwei\u00df mit gro\u00dffl\u00e4chigen Glasw\u00e4nden, offener Innenhofgestaltung und klaren, minimalistischen Linien.\" loading=\"lazy\" \/>\n<\/div>\t\t<\/div>\n<\/div>\n\n\n\n\n\n\t\t<figcaption class=\"\" id=\"media_3gzU3J\">\n\t\t\t<div class=\"figcaption-wrapper\">\n\t\t\t\t\t\t\t<div class=\"lazy-media-image-label\">Competition design for the Bauhaus-Archiv \/ Museum f\u00fcr Gestaltung, interior perspective, 2015<\/div>\n\t\t\t\t\t\t\t\t\t\t<div class=\"lazy-media-image-description\">\u00a9 Volker Staab <\/div>\n\t\t\t\t\t\t\t\t\t<\/div>\n\t\t<\/figcaption>\n\t\n<\/figure>\n\n\t\t<\/div>\n<\/div>\n\n\n\n\n<div  class='col col-md-6 col-md-offset-0 col-xs-offset-1 col-xs-11'>\n\n<div class=\"wp-block-ho-div\"><figure itemscope itemtype=\"http:\/\/schema.org\/ImageObject\" class=\"lazy-media-inline \" role=\"group\" aria-describedby=\"media_mJVyHD\">\n<script type=\"application\/json\">{\n\"id\" : 342,\n\"sizes\" : {\"medium\":{\"file\":\"Erster-Preis_Staab-Architekten-GmbH_Berlin_c_Volker-Staab-3-300x224.jpg\",\"width\":300,\"height\":224,\"mime-type\":\"image\\\/jpeg\",\"filesize\":13309},\"large\":{\"file\":\"Erster-Preis_Staab-Architekten-GmbH_Berlin_c_Volker-Staab-3-1024x766.jpg\",\"width\":1024,\"height\":766,\"mime-type\":\"image\\\/jpeg\",\"filesize\":108724},\"medium_large\":{\"file\":\"Erster-Preis_Staab-Architekten-GmbH_Berlin_c_Volker-Staab-3-768x574.jpg\",\"width\":768,\"height\":574,\"mime-type\":\"image\\\/jpeg\",\"filesize\":64725},\"1536x1536\":{\"file\":\"Erster-Preis_Staab-Architekten-GmbH_Berlin_c_Volker-Staab-3-1536x1148.jpg\",\"width\":1536,\"height\":1148,\"mime-type\":\"image\\\/jpeg\",\"filesize\":222932},\"2048x2048\":{\"file\":\"Erster-Preis_Staab-Architekten-GmbH_Berlin_c_Volker-Staab-3-2048x1531.jpg\",\"width\":2048,\"height\":1531,\"mime-type\":\"image\\\/jpeg\",\"filesize\":371008},\"small\":{\"file\":\"Erster-Preis_Staab-Architekten-GmbH_Berlin_c_Volker-Staab-3-440x329.jpg\",\"width\":440,\"height\":329,\"mime-type\":\"image\\\/jpeg\",\"filesize\":25061},\"semi\":{\"file\":\"Erster-Preis_Staab-Architekten-GmbH_Berlin_c_Volker-Staab-3-580x434.jpg\",\"width\":580,\"height\":434,\"mime-type\":\"image\\\/jpeg\",\"filesize\":40432},\"mobile\":{\"file\":\"Erster-Preis_Staab-Architekten-GmbH_Berlin_c_Volker-Staab-3-720x538.jpg\",\"width\":720,\"height\":538,\"mime-type\":\"image\\\/jpeg\",\"filesize\":57930},\"hd\":{\"file\":\"Erster-Preis_Staab-Architekten-GmbH_Berlin_c_Volker-Staab-3-1280x957.jpg\",\"width\":1280,\"height\":957,\"mime-type\":\"image\\\/jpeg\",\"filesize\":160835},\"full\":{\"file\":\"Erster-Preis_Staab-Architekten-GmbH_Berlin_c_Volker-Staab-3-1920x1436.jpg\",\"width\":1920,\"height\":1436,\"mime-type\":\"image\\\/jpeg\",\"filesize\":331203},\"original\":{\"file\":\"Erster-Preis_Staab-Architekten-GmbH_Berlin_c_Volker-Staab-3.jpg\",\"width\":3000,\"height\":2243}},\n\"alt\" : \"Offener Innenraum eines Wettbewerbsentwurfs f\\u00fcr das Bauhaus-Archiv mit gro\\u00dfen vertikalen Fenstern, gew\\u00f6lbter Sitzstufenstruktur und Personen, darunter ein Kind und sitzende Erwachsene.\",\n\"path\" : \"\\\/wp-content\\\/uploads\\\/2025\\\/04\\\/\",\n\"video\" : null,\n\"autoplay\" : null,\n\"youtube\" : null,\n\"youtubelabel\" : \"play\",\n\"brightness\" : 100,\n\"crop\" : null,\n\"background\" : false,\n\"scale\" : 1,\n\"zoom\" : false,\n\"annotations\" : null}<\/script>\n<div class=\"height-container \" style=\"padding-bottom:74.766666666667%;   \">\n\t<div class=\"height-container-contents lazy-media-contents\">\n\t\n\t<div class=\"lazy-media-preview\" style=\"background-image: url('data:image\/jpeg;base64,\/9j\/4AAQSkZJRgABAQEAYABgAAD\/\/gA7Q1JFQVRPUjogZ2QtanBlZyB2MS4wICh1c2luZyBJSkcgSlBFRyB2NjIpLCBxdWFsaXR5ID0gOTAK\/9sAQwADAgIDAgIDAwMDBAMDBAUIBQUEBAUKBwcGCAwKDAwLCgsLDQ4SEA0OEQ4LCxAWEBETFBUVFQwPFxgWFBgSFBUU\/9sAQwEDBAQFBAUJBQUJFA0LDRQUFBQUFBQUFBQUFBQUFBQUFBQUFBQUFBQUFBQUFBQUFBQUFBQUFBQUFBQUFBQUFBQU\/8AAEQgAEQAYAwEiAAIRAQMRAf\/EAB8AAAEFAQEBAQEBAAAAAAAAAAABAgMEBQYHCAkKC\/\/EALUQAAIBAwMCBAMFBQQEAAABfQECAwAEEQUSITFBBhNRYQcicRQygZGhCCNCscEVUtHwJDNicoIJChYXGBkaJSYnKCkqNDU2Nzg5OkNERUZHSElKU1RVVldYWVpjZGVmZ2hpanN0dXZ3eHl6g4SFhoeIiYqSk5SVlpeYmZqio6Slpqeoqaqys7S1tre4ubrCw8TFxsfIycrS09TV1tfY2drh4uPk5ebn6Onq8fLz9PX29\/j5+v\/EAB8BAAMBAQEBAQEBAQEAAAAAAAABAgMEBQYHCAkKC\/\/EALURAAIBAgQEAwQHBQQEAAECdwABAgMRBAUhMQYSQVEHYXETIjKBCBRCkaGxwQkjM1LwFWJy0QoWJDThJfEXGBkaJicoKSo1Njc4OTpDREVGR0hJSlNUVVZXWFlaY2RlZmdoaWpzdHV2d3h5eoKDhIWGh4iJipKTlJWWl5iZmqKjpKWmp6ipqrKztLW2t7i5usLDxMXGx8jJytLT1NXW19jZ2uLj5OXm5+jp6vLz9PX29\/j5+v\/aAAwDAQACEQMRAD8A\/RbxH4I0i4spFjtosspHTrXzR4x\/ZO8M+Krq4kntpElkJJaJsVo698bNN8JmWDUPFQJEQRIIRulLjqcdq851n9qrRI9MZf7Ruo7hQf3xfaW\/CgD5z+Pf7M3iXwHcyzaZp8k2lRn93MPmJ+oHSitPxt8e9f8AFdwU8O3lxqHRDHI+VY0UAc\/8TP8Akqer\/wDXJ6801\/78f\/XKiigDZ+Bv\/IZg\/wCvmiiigD\/\/2Q=='); background-position: 50% 50%; height: 100%; width: 100%;\"><\/div>\n\n\t\n<div class=\"lazy-media loaded\">\n\t<img decoding=\"async\" src=\"https:\/\/www.bauhaus.de\/wp-content\/uploads\/2025\/04\/Erster-Preis_Staab-Architekten-GmbH_Berlin_c_Volker-Staab-3-1920x1436.jpg\" srcset=\"https:\/\/www.bauhaus.de\/wp-content\/uploads\/2025\/04\/Erster-Preis_Staab-Architekten-GmbH_Berlin_c_Volker-Staab-3-1920x1436.jpg 1920w, https:\/\/www.bauhaus.de\/wp-content\/uploads\/2025\/04\/Erster-Preis_Staab-Architekten-GmbH_Berlin_c_Volker-Staab-3-300x224.jpg 300w, https:\/\/www.bauhaus.de\/wp-content\/uploads\/2025\/04\/Erster-Preis_Staab-Architekten-GmbH_Berlin_c_Volker-Staab-3-1024x766.jpg 1024w, https:\/\/www.bauhaus.de\/wp-content\/uploads\/2025\/04\/Erster-Preis_Staab-Architekten-GmbH_Berlin_c_Volker-Staab-3-768x574.jpg 768w, https:\/\/www.bauhaus.de\/wp-content\/uploads\/2025\/04\/Erster-Preis_Staab-Architekten-GmbH_Berlin_c_Volker-Staab-3-1536x1148.jpg 1536w, https:\/\/www.bauhaus.de\/wp-content\/uploads\/2025\/04\/Erster-Preis_Staab-Architekten-GmbH_Berlin_c_Volker-Staab-3-2048x1531.jpg 2048w, https:\/\/www.bauhaus.de\/wp-content\/uploads\/2025\/04\/Erster-Preis_Staab-Architekten-GmbH_Berlin_c_Volker-Staab-3-440x329.jpg 440w, https:\/\/www.bauhaus.de\/wp-content\/uploads\/2025\/04\/Erster-Preis_Staab-Architekten-GmbH_Berlin_c_Volker-Staab-3-580x434.jpg 580w, https:\/\/www.bauhaus.de\/wp-content\/uploads\/2025\/04\/Erster-Preis_Staab-Architekten-GmbH_Berlin_c_Volker-Staab-3-720x538.jpg 720w, https:\/\/www.bauhaus.de\/wp-content\/uploads\/2025\/04\/Erster-Preis_Staab-Architekten-GmbH_Berlin_c_Volker-Staab-3-1280x957.jpg 1280w\" sizes=\"(max-width: 763px) 91.666666666667vw, (min-width: 764px) and (max-width: 1023px) 50vw, (min-width: 1024px) 50vw\" alt=\"Offener Innenraum eines Wettbewerbsentwurfs f\u00fcr das Bauhaus-Archiv mit gro\u00dfen vertikalen Fenstern, gew\u00f6lbter Sitzstufenstruktur und Personen, darunter ein Kind und sitzende Erwachsene.\" loading=\"lazy\" \/>\n<\/div>\t\t<\/div>\n<\/div>\n\n\n\n\n\n\t\t<figcaption class=\"\" id=\"media_mJVyHD\">\n\t\t\t<div class=\"figcaption-wrapper\">\n\t\t\t\t\t\t\t<div class=\"lazy-media-image-label\">Competition design Bauhaus-Archiv: interior perspective, 2015<\/div>\n\t\t\t\t\t\t\t\t\t\t<div class=\"lazy-media-image-description\">\u00a9 Staab Architekten <\/div>\n\t\t\t\t\t\t\t\t\t<\/div>\n\t\t<\/figcaption>\n\t\n<\/figure>\n\n\t\t<\/div>\n<\/div>\n<\/div>\n<\/div>\n<\/div>\n<\/section>\n\n<section class='wp-block-ho-pattern toggle-optional-headline' data-pattern='ho\/text-option-headline'>\n\n<div  class='margin-bottom-7'>\n\n<div  class='container-fluid cf-gutter-5 cf-side-5'>\n\n<div  class='row ho-pattern-optional-headline'>\n\n<div  class='col col-md-6 col-xs-12 col-md-offset-6'>\n\n<div  class='padding-bottom-4'>\n<h2 class='ho-sd-h5' style=\"white-space: normal;\">Lorem ipsum<\/h2>\n<\/div>\n<\/div>\n<\/div>\n\n\n\n\n<div  class='row'>\n\n<div  class='col col-md-6 col-xs-12 col-md-offset-6'>\n\n<div class=\"wp-block-ho-div\">\t<p class='ho-sd-body'><strong>An important feature of the new building is the tower you designed on the forecourt. Not only does it mark the entrance to the museum but also provides more space for future educational projects. <\/strong><br><br>The tower is the most complex structural element of the whole project and serves several functions. It is a beacon, a symbol, but also an address. When visitors arrive at the museum in the future, they will know where to enter \u2013 namely, the tower. The tower is also a structure that wouldn\u2019t have been possible to build or calculate 100 years ago in the day of the Bauhaus. The idea was to create an entirely minimised construction made of thin, delicately dancing steel supports, the irregularity and complexity of which can only be rendered by computer. In this way, a new method of architectural design is manifested in the construction of the tower. As a future educational venue, the tower also represents discourse and experimentation \u2013 just like the Bauhaus long ago.<br><br>All of these different facets, symbolised by the tower, were thrilling to us \u2013 its symbolism extending into the city, the symbolism reflected in its construction, and the symbolism with regard to the programmatic focus of the museum.<br><br><strong>In view of the grand opening planned in 2025, what are you especially looking forward to? <\/strong><br><br>I imagine it will be a wonderful moment to experience the spatial interplay between the new and the old.<\/p>\n<\/div>\n<\/div>\n<\/div>\n<\/div>\n<\/div>\n<\/section>\n\n<section class='wp-block-ho-pattern show-optional-copy' data-pattern='ho\/text-infobox-mit-bild'>\n\n<div  class='margin-bottom-7'>\n\n<div  class='container-fluid cf-gutter-5 cf-side-5'>\n\n<div  class='row'>\n\n<div  class='col col-xs-12 col-md-5'>\n\n<div  class='color-bg-highlight color-fg-highlight color-bg-fg-reversed'>\n\n<div  class='margin-right-2 padding-top-2 padding-bottom-2 margin-left-2'>\n\n<div  class='container-fluid cf-rem-max-width cf-gutter-1 cf-side-1'>\n\n<div  class='row'>\n\n<div  class='col col-md-offset-0 col-md-3 col-xs-3'>\n\n<div  class='margin-bottom-4'><figure itemscope itemtype=\"http:\/\/schema.org\/ImageObject\" class=\"lazy-media-inline \" role=\"group\" aria-describedby=\"media_v2WJmT\">\n<script type=\"application\/json\">{\n\"id\" : 359,\n\"sizes\" : {\"medium\":{\"file\":\"Volker-Staab_c_Jan-Kopetzky-300x229.jpg\",\"width\":300,\"height\":229,\"mime-type\":\"image\\\/jpeg\",\"filesize\":8191},\"large\":{\"file\":\"Volker-Staab_c_Jan-Kopetzky-1024x783.jpg\",\"width\":1024,\"height\":783,\"mime-type\":\"image\\\/jpeg\",\"filesize\":56760},\"medium_large\":{\"file\":\"Volker-Staab_c_Jan-Kopetzky-768x587.jpg\",\"width\":768,\"height\":587,\"mime-type\":\"image\\\/jpeg\",\"filesize\":34431},\"1536x1536\":{\"file\":\"Volker-Staab_c_Jan-Kopetzky-1536x1174.jpg\",\"width\":1536,\"height\":1174,\"mime-type\":\"image\\\/jpeg\",\"filesize\":121108},\"2048x2048\":{\"file\":\"Volker-Staab_c_Jan-Kopetzky-2048x1565.jpg\",\"width\":2048,\"height\":1565,\"mime-type\":\"image\\\/jpeg\",\"filesize\":210102},\"small\":{\"file\":\"Volker-Staab_c_Jan-Kopetzky-440x336.jpg\",\"width\":440,\"height\":336,\"mime-type\":\"image\\\/jpeg\",\"filesize\":13821},\"semi\":{\"file\":\"Volker-Staab_c_Jan-Kopetzky-580x443.jpg\",\"width\":580,\"height\":443,\"mime-type\":\"image\\\/jpeg\",\"filesize\":21606},\"mobile\":{\"file\":\"Volker-Staab_c_Jan-Kopetzky-720x550.jpg\",\"width\":720,\"height\":550,\"mime-type\":\"image\\\/jpeg\",\"filesize\":30676},\"hd\":{\"file\":\"Volker-Staab_c_Jan-Kopetzky-1280x978.jpg\",\"width\":1280,\"height\":978,\"mime-type\":\"image\\\/jpeg\",\"filesize\":86156},\"full\":{\"file\":\"Volker-Staab_c_Jan-Kopetzky-1920x1467.jpg\",\"width\":1920,\"height\":1467,\"mime-type\":\"image\\\/jpeg\",\"filesize\":185898},\"original\":{\"file\":\"Volker-Staab_c_Jan-Kopetzky.jpg\",\"width\":3003,\"height\":2295}},\n\"alt\" : \"Portrait of a man with a narrow face, wearing a black sweater and scarf, against a light background.\",\n\"path\" : \"\\\/wp-content\\\/uploads\\\/2025\\\/04\\\/\",\n\"video\" : null,\n\"autoplay\" : null,\n\"youtube\" : null,\n\"youtubelabel\" : \"play\",\n\"brightness\" : 100,\n\"crop\" : {\"x\":0.5,\"y\":0.5},\n\"background\" : true,\n\"scale\" : 1,\n\"zoom\" : false,\n\"annotations\" : null}<\/script>\n<div class=\"height-container  height-container-mobile\" style=\"padding-bottom:100%; --padding-bottom-mobile:100%  \">\n\t<div class=\"height-container-contents lazy-media-contents\">\n\t\n\t<div class=\"lazy-media-preview\" style=\"background-image: url('data:image\/jpeg;base64,\/9j\/4AAQSkZJRgABAQEAYABgAAD\/\/gA7Q1JFQVRPUjogZ2QtanBlZyB2MS4wICh1c2luZyBJSkcgSlBFRyB2NjIpLCBxdWFsaXR5ID0gOTAK\/9sAQwADAgIDAgIDAwMDBAMDBAUIBQUEBAUKBwcGCAwKDAwLCgsLDQ4SEA0OEQ4LCxAWEBETFBUVFQwPFxgWFBgSFBUU\/9sAQwEDBAQFBAUJBQUJFA0LDRQUFBQUFBQUFBQUFBQUFBQUFBQUFBQUFBQUFBQUFBQUFBQUFBQUFBQUFBQUFBQUFBQU\/8AAEQgAEgAYAwEiAAIRAQMRAf\/EAB8AAAEFAQEBAQEBAAAAAAAAAAABAgMEBQYHCAkKC\/\/EALUQAAIBAwMCBAMFBQQEAAABfQECAwAEEQUSITFBBhNRYQcicRQygZGhCCNCscEVUtHwJDNicoIJChYXGBkaJSYnKCkqNDU2Nzg5OkNERUZHSElKU1RVVldYWVpjZGVmZ2hpanN0dXZ3eHl6g4SFhoeIiYqSk5SVlpeYmZqio6Slpqeoqaqys7S1tre4ubrCw8TFxsfIycrS09TV1tfY2drh4uPk5ebn6Onq8fLz9PX29\/j5+v\/EAB8BAAMBAQEBAQEBAQEAAAAAAAABAgMEBQYHCAkKC\/\/EALURAAIBAgQEAwQHBQQEAAECdwABAgMRBAUhMQYSQVEHYXETIjKBCBRCkaGxwQkjM1LwFWJy0QoWJDThJfEXGBkaJicoKSo1Njc4OTpDREVGR0hJSlNUVVZXWFlaY2RlZmdoaWpzdHV2d3h5eoKDhIWGh4iJipKTlJWWl5iZmqKjpKWmp6ipqrKztLW2t7i5usLDxMXGx8jJytLT1NXW19jZ2uLj5OXm5+jp6vLz9PX29\/j5+v\/aAAwDAQACEQMRAD8A++dQ0nTtB0K9vo8zNbxM4QDqRXlPh7xffJ4i0pLq4+322pSbZYUiI+z56YNan7Q\/7Tfgz9njwcNQ12X7ZPdho7WygwzStj+VfmrqX\/BSDxL\/AG5p99pGjW9k1vdGaRWbKyR54THbispUpXXKdFOcOWXPv0P2CvdB0wQuCx6elFfOv7JH7ZWn\/tS6bqsEul\/2LrGnqrSQb9yyKf4lorX2SOfnaPiH\/gpkzf2h4HXJ2\/ZWOM8Zr4iWiit49fVkH3L\/AMEn3YfFfxENxwdOPGfeiiitCep\/\/9k='); background-position: 50% 50%; height: 100%; width: 100%;\"><\/div>\n\n\t\t<lazy-media-inline inline-template>\n\t\t<div>\n\t\t\t<lazy-media :inline=\"true\" :alt=\"alt\" :sizes=\"sizes\" :scale=\"scale\" :zoom=\"zoom\" :brightness=\"brightness\" :path=\"path\" :video=\"video\" :autoplay=\"autoplay\" :youtube=\"youtube\" :crop=\"crop\" :youtubelabel=\"youtubelabel\" :annotations=\"annotations\" :background=\"background\" v-if=\"sizes\"><\/lazy-media>\n\t\t<\/div>\n\t<\/lazy-media-inline>\n\t\t\t<\/div>\n<\/div>\n\n\n\n\n\n\n<\/figure>\n\n\t\t<\/div>\n<\/div>\n\n\n\n\n<div  class='col col-md-10 col-xs-10 col-md-offset-1 col-xs-offset-1'>\n\n<div  class='margin-bottom-4 text-align-center'>\t<p class='ho-sd-metadata'>Volker Staab is the founder of Staab Architekten. His architectural firm is renowned for its radical but cautiously planned projects in sensitive urban and rural areas, as well as its novel interpretations of historic landmarks and listed buildings.<br><br><br>You can find more information about Staab Architekten on the <a href=\"https:\/\/www.staab-architekten.com\/en\/?a98670ebeefac7e9b6111eb444da13ba=5b316eb489b174247c20ccee309d1fca\" data-type=\"link\" data-id=\"https:\/\/www.staab-architekten.com\/en\/?a98670ebeefac7e9b6111eb444da13ba=5b316eb489b174247c20ccee309d1fca\">website <\/a>of the architecture bureau.<\/p>\n<\/div>\n<\/div>\n<\/div>\n<\/div>\n<\/div>\n<\/div>\n<\/div>\n<\/div>\n<\/div>\n<\/div>\n<\/section>","protected":false},"excerpt":{"rendered":"<p>Since 2018, the existing structure of the Bauhaus-Archiv \/ Museum f\u00fcr Gestaltung has been undergoing renovation and will be expanded with a new annex. The Berlin-based architectural firm Staab Architects won the design competition for the new building ensemble. In the following interview, architect Volker Staab discusses the project\u2019s perks and problems. <\/p>\n","protected":false},"author":11,"featured_media":359,"template":"","meta":{"_acf_changed":false},"artist_taxonomy":[],"teaser_indicator":[],"magazin_tag":[],"magazine-article-type":[],"magazine-article-category":[96],"magazine-article-author":[46],"class_list":["post-11858","magazine-article","type-magazine-article","status-publish","has-post-thumbnail","hentry","magazine-article-category-architecture","magazine-article-author-marina-brafa-en"],"acf":{"seo_titel":"","keywords":"","noindex":false,"redirect":"","short_url":""},"_links":{"self":[{"href":"https:\/\/www.bauhaus.de\/en\/wp-json\/wp\/v2\/magazine-article\/11858","targetHints":{"allow":["GET"]}}],"collection":[{"href":"https:\/\/www.bauhaus.de\/en\/wp-json\/wp\/v2\/magazine-article"}],"about":[{"href":"https:\/\/www.bauhaus.de\/en\/wp-json\/wp\/v2\/types\/magazine-article"}],"author":[{"embeddable":true,"href":"https:\/\/www.bauhaus.de\/en\/wp-json\/wp\/v2\/users\/11"}],"version-history":[{"count":2,"href":"https:\/\/www.bauhaus.de\/en\/wp-json\/wp\/v2\/magazine-article\/11858\/revisions"}],"predecessor-version":[{"id":20577,"href":"https:\/\/www.bauhaus.de\/en\/wp-json\/wp\/v2\/magazine-article\/11858\/revisions\/20577"}],"wp:featuredmedia":[{"embeddable":true,"href":"https:\/\/www.bauhaus.de\/en\/wp-json\/wp\/v2\/media\/359"}],"wp:attachment":[{"href":"https:\/\/www.bauhaus.de\/en\/wp-json\/wp\/v2\/media?parent=11858"}],"wp:term":[{"taxonomy":"artist_taxonomy","embeddable":true,"href":"https:\/\/www.bauhaus.de\/en\/wp-json\/wp\/v2\/artist_taxonomy?post=11858"},{"taxonomy":"teaser_indicator","embeddable":true,"href":"https:\/\/www.bauhaus.de\/en\/wp-json\/wp\/v2\/teaser_indicator?post=11858"},{"taxonomy":"magazin_tag","embeddable":true,"href":"https:\/\/www.bauhaus.de\/en\/wp-json\/wp\/v2\/magazin_tag?post=11858"},{"taxonomy":"magazine-article-type","embeddable":true,"href":"https:\/\/www.bauhaus.de\/en\/wp-json\/wp\/v2\/magazine-article-type?post=11858"},{"taxonomy":"magazine-article-category","embeddable":true,"href":"https:\/\/www.bauhaus.de\/en\/wp-json\/wp\/v2\/magazine-article-category?post=11858"},{"taxonomy":"magazine-article-author","embeddable":true,"href":"https:\/\/www.bauhaus.de\/en\/wp-json\/wp\/v2\/magazine-article-author?post=11858"}],"curies":[{"name":"wp","href":"https:\/\/api.w.org\/{rel}","templated":true}]}}